{"id":400,"date":"2015-01-14T10:42:16","date_gmt":"2015-01-14T09:42:16","guid":{"rendered":"http:\/\/www.irla.cat\/casairla\/?p=400"},"modified":"2017-03-27T10:44:06","modified_gmt":"2017-03-27T09:44:06","slug":"inauguracio-programacio-hivern-2015-conseller-francesc-homs","status":"publish","type":"post","link":"https:\/\/irla.cat\/casairla\/2015\/01\/14\/inauguracio-programacio-hivern-2015-conseller-francesc-homs\/","title":{"rendered":"Inauguraci\u00f3 programaci\u00f3 hivern 2015: Conseller Francesc Homs"},"content":{"rendered":"<p>Aquest proper dissabte 17 a les 18h inaugurem la nova temporada cultural de la Casa Irla.<!--more-->I ho farem amb l\u2019Hble. Conseller de la Presid\u00e8ncia Sr. Francesc Homs que pronunciar\u00e0 una conferencia sota el t\u00edtol \u201cDecidir i sumar per la unitat\u201d.Ens complau poder comen\u00e7ar la nova programaci\u00f3 d\u2019Hivern-primavera amb una conferencia d\u2019alt nivell tant pel que fa al ponent com pel seu contingut en un moment en qu\u00e8 Catalunya viu un proc\u00e9s cap a la independ\u00e8ncia en el qual tots i totes hi tenim una gran responsabilitat per a qu\u00e8 arribi a bon port i aix\u00f2 mateix \u00e9s el qu\u00e8 li podrem demanar de viva veu a un dels protagonistes d\u2019aquest proc\u00e9s.<\/p>\n<p>Tamb\u00e9 ens acompanyaran en aquesta nova programaci\u00f3 noms destacats de la literatura i la pol\u00edtica com Vicens Villatoro, Javier Cercas, Pilar Rahola, Francesc Marc \u00c0lvaro&#8230; entre d\u2019altres.<\/p>\n<p>Pel que fa a l\u2019altre gran apartat de la nostra programaci\u00f3 cultural, les exposicions d\u2019art hem de destacar la gran acceptaci\u00f3 i difusi\u00f3 que ha tingut les inscripcions per a exposar a la Casa Irla al llarg del 2015. Fins a 18 propostes diferents ens han arribat de les quals n\u2019hem escollit sis que seran les que es veuran exposades enguany. Agra\u00efm a tots els participants en aquest proc\u00e9s la seva voluntat de contribuir a la cultura a la Casa Irla i als que no han estat seleccionats els emplacem a tornar-hi l\u2019any vinent en una nova ocasi\u00f3.<\/p>\n<p>L\u2019apartat de sons de taverna, la m\u00fasica en directe, tornar\u00e0 a la programaci\u00f3 cap el mes de mar\u00e7 una vegada els n\u00fameros i els pressupostos siguin m\u00e9s favorables i puguem oferir uns espectacles musicals de qualitat.<\/p>\n<p><img loading=\"lazy\" decoding=\"async\" class=\"aligncenter size-full wp-image-402\" src=\"http:\/\/www.irla.cat\/casairla\/wp-content\/uploads\/2017\/03\/Targeto-Homs.jpg\" alt=\"\" width=\"675\" height=\"675\" srcset=\"https:\/\/irla.cat\/casairla\/wp-content\/uploads\/2017\/03\/Targeto-Homs.jpg 675w, https:\/\/irla.cat\/casairla\/wp-content\/uploads\/2017\/03\/Targeto-Homs-150x150.jpg 150w, https:\/\/irla.cat\/casairla\/wp-content\/uploads\/2017\/03\/Targeto-Homs-300x300.jpg 300w\" sizes=\"auto, (max-width: 675px) 100vw, 675px\" \/><\/p>\n","protected":false},"excerpt":{"rendered":"<p>Aquest proper dissabte 17 a les 18h inaugurem la nova temporada cultural de la Casa Irla.<\/p>\n","protected":false},"author":1,"featured_media":401,"comment_status":"open","ping_status":"open","sticky":false,"template":"template-centered.php","format":"standard","meta":{"footnotes":""},"categories":[1],"tags":[],"class_list":["post-400","post","type-post","status-publish","format-standard","has-post-thumbnail","hentry","category-general"],"_links":{"self":[{"href":"https:\/\/irla.cat\/casairla\/wp-json\/wp\/v2\/posts\/400","targetHints":{"allow":["GET"]}}],"collection":[{"href":"https:\/\/irla.cat\/casairla\/wp-json\/wp\/v2\/posts"}],"about":[{"href":"https:\/\/irla.cat\/casairla\/wp-json\/wp\/v2\/types\/post"}],"author":[{"embeddable":true,"href":"https:\/\/irla.cat\/casairla\/wp-json\/wp\/v2\/users\/1"}],"replies":[{"embeddable":true,"href":"https:\/\/irla.cat\/casairla\/wp-json\/wp\/v2\/comments?post=400"}],"version-history":[{"count":1,"href":"https:\/\/irla.cat\/casairla\/wp-json\/wp\/v2\/posts\/400\/revisions"}],"predecessor-version":[{"id":403,"href":"https:\/\/irla.cat\/casairla\/wp-json\/wp\/v2\/posts\/400\/revisions\/403"}],"wp:featuredmedia":[{"embeddable":true,"href":"https:\/\/irla.cat\/casairla\/wp-json\/wp\/v2\/media\/401"}],"wp:attachment":[{"href":"https:\/\/irla.cat\/casairla\/wp-json\/wp\/v2\/media?parent=400"}],"wp:term":[{"taxonomy":"category","embeddable":true,"href":"https:\/\/irla.cat\/casairla\/wp-json\/wp\/v2\/categories?post=400"},{"taxonomy":"post_tag","embeddable":true,"href":"https:\/\/irla.cat\/casairla\/wp-json\/wp\/v2\/tags?post=400"}],"curies":[{"name":"wp","href":"https:\/\/api.w.org\/{rel}","templated":true}]}}