{"id":396,"date":"2014-12-01T10:37:58","date_gmt":"2014-12-01T09:37:58","guid":{"rendered":"http:\/\/www.irla.cat\/casairla\/?p=396"},"modified":"2017-03-27T10:42:06","modified_gmt":"2017-03-27T09:42:06","slug":"fi-de-la-temporada-de-tardor-fira-dhivern","status":"publish","type":"post","link":"https:\/\/irla.cat\/casairla\/2014\/12\/01\/fi-de-la-temporada-de-tardor-fira-dhivern\/","title":{"rendered":"Fi de la temporada de tardor: Fira d\u2019hivern"},"content":{"rendered":"<p>Hem arribat al final de la temporada cultural de tardor 2014 i ho fem amb la Fira d\u2019hivern.<\/p>\n<p><!--more--><\/p>\n<p>Durant tot el dia de dissabte 6 de desembre podreu trobar tot de productes elaborats a m\u00e0, roba de disseny exclusiu, treballs amb patchwork, bijuteria, complements, articles nadalencs i molts altres productes.<\/p>\n<p>Durant aquests darrers tres mesos han estat una quinzena d\u2019activitats culturals de tota mena les que han omplert la Casa Irla i per on han passat gaireb\u00e9 800 persones. Tot i que s\u00f3n unes bones xifres de participaci\u00f3 i assist\u00e8ncia considerem que encara ens queda molta feina per fer per arribar a encara m\u00e9s p\u00fablic les propostes culturals i musicals que ofereix la Casa Irla.<\/p>\n<p>El nostre objectiu sempre ha estat en convertir la Casa Irla en un espai de refer\u00e8ncia dins el m\u00f3n cultural local i per aix\u00f2 en cal arribar a molta m\u00e9s gent, esdevenir encara un centre molt m\u00e9s popular i conegut. Amb aquest prop\u00f2sit ja hem posat fil a l\u2019agulla per oferir-vos una nova programaci\u00f3 cultural per l\u2019hivern-primavera 2015, de la qual ja us en donarem informaci\u00f3 detallada.<\/p>\n","protected":false},"excerpt":{"rendered":"<p>Hem arribat al final de la temporada cultural de tardor 2014 i ho fem amb la Fira d\u2019hivern.<\/p>\n","protected":false},"author":1,"featured_media":399,"comment_status":"open","ping_status":"open","sticky":false,"template":"template-centered.php","format":"standard","meta":{"footnotes":""},"categories":[1],"tags":[],"class_list":["post-396","post","type-post","status-publish","format-standard","has-post-thumbnail","hentry","category-general"],"_links":{"self":[{"href":"https:\/\/irla.cat\/casairla\/wp-json\/wp\/v2\/posts\/396","targetHints":{"allow":["GET"]}}],"collection":[{"href":"https:\/\/irla.cat\/casairla\/wp-json\/wp\/v2\/posts"}],"about":[{"href":"https:\/\/irla.cat\/casairla\/wp-json\/wp\/v2\/types\/post"}],"author":[{"embeddable":true,"href":"https:\/\/irla.cat\/casairla\/wp-json\/wp\/v2\/users\/1"}],"replies":[{"embeddable":true,"href":"https:\/\/irla.cat\/casairla\/wp-json\/wp\/v2\/comments?post=396"}],"version-history":[{"count":1,"href":"https:\/\/irla.cat\/casairla\/wp-json\/wp\/v2\/posts\/396\/revisions"}],"predecessor-version":[{"id":398,"href":"https:\/\/irla.cat\/casairla\/wp-json\/wp\/v2\/posts\/396\/revisions\/398"}],"wp:featuredmedia":[{"embeddable":true,"href":"https:\/\/irla.cat\/casairla\/wp-json\/wp\/v2\/media\/399"}],"wp:attachment":[{"href":"https:\/\/irla.cat\/casairla\/wp-json\/wp\/v2\/media?parent=396"}],"wp:term":[{"taxonomy":"category","embeddable":true,"href":"https:\/\/irla.cat\/casairla\/wp-json\/wp\/v2\/categories?post=396"},{"taxonomy":"post_tag","embeddable":true,"href":"https:\/\/irla.cat\/casairla\/wp-json\/wp\/v2\/tags?post=396"}],"curies":[{"name":"wp","href":"https:\/\/api.w.org\/{rel}","templated":true}]}}