{"id":393,"date":"2014-12-02T10:36:26","date_gmt":"2014-12-02T09:36:26","guid":{"rendered":"http:\/\/www.irla.cat\/casairla\/?p=393"},"modified":"2017-03-27T10:37:47","modified_gmt":"2017-03-27T09:37:47","slug":"lorquestra-del-titanic-un-gran-espectacle","status":"publish","type":"post","link":"https:\/\/irla.cat\/casairla\/2014\/12\/02\/lorquestra-del-titanic-un-gran-espectacle\/","title":{"rendered":"L&#8217;Orquestra del Tit\u00e0nic: un gran espectacle"},"content":{"rendered":"<p>Divendres vam tenir el goig de comptar amb l\u2019Orquestra del Tit\u00e0nic.<!--more-->Una colla d\u2019amics que han fet de la m\u00fasica la seva passi\u00f3 i que van ser capa\u00e7os d\u2019oferir-nos un gran espectacle del qual el p\u00fablic en va quedar agradament sorpresos.<\/p>\n<p><span lang=\"CA\">Fins i tot en Carles Massall\u00e9, component del grup i trompetista, afirmava que pel poc temps que fa que estant rodant com a banda van quedar sorpresos pel seu propi recital i per l\u2019acollida que van rebre per part del p\u00fablic.<\/span><\/p>\n<p><span lang=\"CA\">I degut a aquest gran \u00e8xit esperem poder comptar amb aquests m\u00fasics en una propera ocasi\u00f3 no massa llunyana.<\/span><\/p>\n<p>&nbsp;<\/p>\n","protected":false},"excerpt":{"rendered":"<p>Divendres vam tenir el goig de comptar amb l\u2019Orquestra del Tit\u00e0nic.<\/p>\n","protected":false},"author":1,"featured_media":394,"comment_status":"open","ping_status":"open","sticky":false,"template":"template-centered.php","format":"standard","meta":{"footnotes":""},"categories":[1],"tags":[],"class_list":["post-393","post","type-post","status-publish","format-standard","has-post-thumbnail","hentry","category-general"],"_links":{"self":[{"href":"https:\/\/irla.cat\/casairla\/wp-json\/wp\/v2\/posts\/393","targetHints":{"allow":["GET"]}}],"collection":[{"href":"https:\/\/irla.cat\/casairla\/wp-json\/wp\/v2\/posts"}],"about":[{"href":"https:\/\/irla.cat\/casairla\/wp-json\/wp\/v2\/types\/post"}],"author":[{"embeddable":true,"href":"https:\/\/irla.cat\/casairla\/wp-json\/wp\/v2\/users\/1"}],"replies":[{"embeddable":true,"href":"https:\/\/irla.cat\/casairla\/wp-json\/wp\/v2\/comments?post=393"}],"version-history":[{"count":1,"href":"https:\/\/irla.cat\/casairla\/wp-json\/wp\/v2\/posts\/393\/revisions"}],"predecessor-version":[{"id":395,"href":"https:\/\/irla.cat\/casairla\/wp-json\/wp\/v2\/posts\/393\/revisions\/395"}],"wp:featuredmedia":[{"embeddable":true,"href":"https:\/\/irla.cat\/casairla\/wp-json\/wp\/v2\/media\/394"}],"wp:attachment":[{"href":"https:\/\/irla.cat\/casairla\/wp-json\/wp\/v2\/media?parent=393"}],"wp:term":[{"taxonomy":"category","embeddable":true,"href":"https:\/\/irla.cat\/casairla\/wp-json\/wp\/v2\/categories?post=393"},{"taxonomy":"post_tag","embeddable":true,"href":"https:\/\/irla.cat\/casairla\/wp-json\/wp\/v2\/tags?post=393"}],"curies":[{"name":"wp","href":"https:\/\/api.w.org\/{rel}","templated":true}]}}