{"id":385,"date":"2014-11-17T10:32:33","date_gmt":"2014-11-17T09:32:33","guid":{"rendered":"http:\/\/www.irla.cat\/casairla\/?p=385"},"modified":"2017-03-27T10:34:16","modified_gmt":"2017-03-27T09:34:16","slug":"teresa-forcades-presenta-es-a-les-nostres-mans","status":"publish","type":"post","link":"https:\/\/irla.cat\/casairla\/2014\/11\/17\/teresa-forcades-presenta-es-a-les-nostres-mans\/","title":{"rendered":"Teresa Forcades presenta &#8220;\u00c9s a les nostres mans&#8221;"},"content":{"rendered":"<p>El dijous 20 de novembre a les 9 del vespre tindrem a la Casa Irla la pres\u00e8ncia de la Teresa Forcades.<!--more-->La monja del Monestir del Sant Benet de Montserrat, ens ve a presentar el seu llibre \u201c\u00c9s a les nostres mans.\u201d<\/p>\n<p>El llibre aplega el pensament social, pol\u00edtic i econ\u00f2mic de Forcades en tota la seva profunditat, fent una cr\u00edtica \u00e8tica del capitalisme en la seva versi\u00f3 m\u00e9s depredadora. El text tamb\u00e9 vol donar claus per comprendre la crisi actual, i fa una s\u00e8rie de propostes a favor de la democr\u00e0cia social, capa\u00e7 de fer avan\u00e7ar la just\u00edcia i la llibertat al mateix temps.<\/p>\n<p>Tamb\u00e9 inclou les seves reflexions sobre el nacionalisme en el marc del moment actual i des de l\u2019amor a la diversitat humana.<\/p>\n<p><img loading=\"lazy\" decoding=\"async\" class=\"aligncenter size-full wp-image-387\" src=\"http:\/\/www.irla.cat\/casairla\/wp-content\/uploads\/2017\/03\/Teresa-Forcades-Cartell.jpg\" alt=\"\" width=\"400\" height=\"581\" srcset=\"https:\/\/irla.cat\/casairla\/wp-content\/uploads\/2017\/03\/Teresa-Forcades-Cartell.jpg 400w, https:\/\/irla.cat\/casairla\/wp-content\/uploads\/2017\/03\/Teresa-Forcades-Cartell-207x300.jpg 207w\" sizes=\"auto, (max-width: 400px) 100vw, 400px\" \/><\/p>\n","protected":false},"excerpt":{"rendered":"<p>El dijous 20 de novembre a les 9 del vespre tindrem a la Casa Irla la pres\u00e8ncia de la Teresa<\/p>\n","protected":false},"author":1,"featured_media":386,"comment_status":"open","ping_status":"open","sticky":false,"template":"template-centered.php","format":"standard","meta":{"footnotes":""},"categories":[1],"tags":[],"class_list":["post-385","post","type-post","status-publish","format-standard","has-post-thumbnail","hentry","category-general"],"_links":{"self":[{"href":"https:\/\/irla.cat\/casairla\/wp-json\/wp\/v2\/posts\/385","targetHints":{"allow":["GET"]}}],"collection":[{"href":"https:\/\/irla.cat\/casairla\/wp-json\/wp\/v2\/posts"}],"about":[{"href":"https:\/\/irla.cat\/casairla\/wp-json\/wp\/v2\/types\/post"}],"author":[{"embeddable":true,"href":"https:\/\/irla.cat\/casairla\/wp-json\/wp\/v2\/users\/1"}],"replies":[{"embeddable":true,"href":"https:\/\/irla.cat\/casairla\/wp-json\/wp\/v2\/comments?post=385"}],"version-history":[{"count":1,"href":"https:\/\/irla.cat\/casairla\/wp-json\/wp\/v2\/posts\/385\/revisions"}],"predecessor-version":[{"id":388,"href":"https:\/\/irla.cat\/casairla\/wp-json\/wp\/v2\/posts\/385\/revisions\/388"}],"wp:featuredmedia":[{"embeddable":true,"href":"https:\/\/irla.cat\/casairla\/wp-json\/wp\/v2\/media\/386"}],"wp:attachment":[{"href":"https:\/\/irla.cat\/casairla\/wp-json\/wp\/v2\/media?parent=385"}],"wp:term":[{"taxonomy":"category","embeddable":true,"href":"https:\/\/irla.cat\/casairla\/wp-json\/wp\/v2\/categories?post=385"},{"taxonomy":"post_tag","embeddable":true,"href":"https:\/\/irla.cat\/casairla\/wp-json\/wp\/v2\/tags?post=385"}],"curies":[{"name":"wp","href":"https:\/\/api.w.org\/{rel}","templated":true}]}}