{"id":379,"date":"2014-11-01T10:28:04","date_gmt":"2014-11-01T09:28:04","guid":{"rendered":"http:\/\/www.irla.cat\/casairla\/?p=379"},"modified":"2017-03-27T10:30:58","modified_gmt":"2017-03-27T09:30:58","slug":"fira-dartesania","status":"publish","type":"post","link":"https:\/\/irla.cat\/casairla\/2014\/11\/01\/fira-dartesania\/","title":{"rendered":"Fira d&#8217;artesania"},"content":{"rendered":"<div>Aquest dissabte 1 de novembre hem fet a la Casa Irla la primera fira d&#8217;artesania.<\/div>\n<p><!--more--><\/p>\n<p><span style=\"font-size: 1rem;\">La fira es fa a c\u00e0rrec d&#8217;un grup de emprenedores ganxones que ens han ofert tota mena de productes artesans fets a m\u00e0.<\/span><\/p>\n<div>Una manera m\u00e9s de dinamitzar el barri i de donar a con\u00e8ixer la feina i el bon gust d&#8217;aquestes noies que treballen amb gran il\u00b7lusi\u00f3 per donar a con\u00e8ixer tots els seus productes.<\/div>\n<div><\/div>\n<div>Aquesta no ser\u00e0 pas l&#8217;\u00fanica ocasi\u00f3 que tindreu per con\u00e8ixer la feina d&#8217;aquestes emprenedores, el dia 6 de desembre oferirem una altra fira, la Fira d&#8217;Hivern, amb tot de productes artesans per preparar les fetes de Nadal i tamb\u00e9 per passar un bon hivern.<\/div>\n<div><img loading=\"lazy\" decoding=\"async\" class=\"aligncenter size-full wp-image-381\" src=\"http:\/\/www.irla.cat\/casairla\/wp-content\/uploads\/2017\/03\/cartellfira.jpg\" alt=\"\" width=\"202\" height=\"320\" srcset=\"https:\/\/irla.cat\/casairla\/wp-content\/uploads\/2017\/03\/cartellfira.jpg 202w, https:\/\/irla.cat\/casairla\/wp-content\/uploads\/2017\/03\/cartellfira-189x300.jpg 189w\" sizes=\"auto, (max-width: 202px) 100vw, 202px\" \/><\/div>\n<div><\/div>\n","protected":false},"excerpt":{"rendered":"<p>Aquest dissabte 1 de novembre hem fet a la Casa Irla la primera fira d&#8217;artesania.<\/p>\n","protected":false},"author":1,"featured_media":380,"comment_status":"open","ping_status":"open","sticky":false,"template":"template-centered.php","format":"standard","meta":{"footnotes":""},"categories":[1],"tags":[],"class_list":["post-379","post","type-post","status-publish","format-standard","has-post-thumbnail","hentry","category-general"],"_links":{"self":[{"href":"https:\/\/irla.cat\/casairla\/wp-json\/wp\/v2\/posts\/379","targetHints":{"allow":["GET"]}}],"collection":[{"href":"https:\/\/irla.cat\/casairla\/wp-json\/wp\/v2\/posts"}],"about":[{"href":"https:\/\/irla.cat\/casairla\/wp-json\/wp\/v2\/types\/post"}],"author":[{"embeddable":true,"href":"https:\/\/irla.cat\/casairla\/wp-json\/wp\/v2\/users\/1"}],"replies":[{"embeddable":true,"href":"https:\/\/irla.cat\/casairla\/wp-json\/wp\/v2\/comments?post=379"}],"version-history":[{"count":1,"href":"https:\/\/irla.cat\/casairla\/wp-json\/wp\/v2\/posts\/379\/revisions"}],"predecessor-version":[{"id":382,"href":"https:\/\/irla.cat\/casairla\/wp-json\/wp\/v2\/posts\/379\/revisions\/382"}],"wp:featuredmedia":[{"embeddable":true,"href":"https:\/\/irla.cat\/casairla\/wp-json\/wp\/v2\/media\/380"}],"wp:attachment":[{"href":"https:\/\/irla.cat\/casairla\/wp-json\/wp\/v2\/media?parent=379"}],"wp:term":[{"taxonomy":"category","embeddable":true,"href":"https:\/\/irla.cat\/casairla\/wp-json\/wp\/v2\/categories?post=379"},{"taxonomy":"post_tag","embeddable":true,"href":"https:\/\/irla.cat\/casairla\/wp-json\/wp\/v2\/tags?post=379"}],"curies":[{"name":"wp","href":"https:\/\/api.w.org\/{rel}","templated":true}]}}