{"id":376,"date":"2014-10-14T10:26:27","date_gmt":"2014-10-14T09:26:27","guid":{"rendered":"http:\/\/www.irla.cat\/casairla\/?p=376"},"modified":"2017-03-27T10:27:58","modified_gmt":"2017-03-27T09:27:58","slug":"xavier-bosch-amb-astucia-i-intel%e2%80%a2ligencia-assolirem-la-independencia","status":"publish","type":"post","link":"https:\/\/irla.cat\/casairla\/2014\/10\/14\/xavier-bosch-amb-astucia-i-intel%e2%80%a2ligencia-assolirem-la-independencia\/","title":{"rendered":"Xavier Bosch: amb ast\u00facia i intel\u2022lig\u00e8ncia assolirem la independ\u00e8ncia"},"content":{"rendered":"<div>Xavi Bosch, el ganx\u00f3, va presentar dissabte passat a la Casa Irla a l\u2019escriptor i periodista Xavier Bosch.<\/div>\n<p><!--more--><\/p>\n<div>Bosch ens va presentar el seu darrer llibre \u201cEuf\u00f2ria\u201d, que \u00e9s el tercer i \u00faltim de la trilogia que va comen\u00e7ar amb \u201cSe sabr\u00e0 tot\u201d amb la qual ha volgut explicar de manera ficcionada la realitat de la ind\u00fastria farmac\u00e8utica.<\/div>\n<div><\/div>\n<div>En el torn de paraules es va parlar \u00e0mpliament del proc\u00e9s que viu Catalunya, per\u00f2 tamb\u00e9 \u00a0de futbol, del Bar\u00e7a, del paper que juguen els periodistes i els mitjans de comunicaci\u00f3 avui dia. Per Xavier Bosch amb la il\u2022lusi\u00f3 de la gent i amb voluntat ferma serem capa\u00e7os de construir un pa\u00eds nou.<\/div>\n<div><\/div>\n<div>La Casa Irla es va omplir per escoltar les paraules de Xavier Bosch i des de l\u2019ANC es va dedicar l\u2019acte com a homenatge al Joan Esmel, recentment desaparegut i membre de l\u2019ANC Gu\u00edxols.<\/div>\n<div><\/div>\n","protected":false},"excerpt":{"rendered":"<p>Xavi Bosch, el ganx\u00f3, va presentar dissabte passat a la Casa Irla a l\u2019escriptor i periodista Xavier Bosch.<\/p>\n","protected":false},"author":1,"featured_media":377,"comment_status":"open","ping_status":"open","sticky":false,"template":"template-centered.php","format":"standard","meta":{"footnotes":""},"categories":[1],"tags":[],"class_list":["post-376","post","type-post","status-publish","format-standard","has-post-thumbnail","hentry","category-general"],"_links":{"self":[{"href":"https:\/\/irla.cat\/casairla\/wp-json\/wp\/v2\/posts\/376","targetHints":{"allow":["GET"]}}],"collection":[{"href":"https:\/\/irla.cat\/casairla\/wp-json\/wp\/v2\/posts"}],"about":[{"href":"https:\/\/irla.cat\/casairla\/wp-json\/wp\/v2\/types\/post"}],"author":[{"embeddable":true,"href":"https:\/\/irla.cat\/casairla\/wp-json\/wp\/v2\/users\/1"}],"replies":[{"embeddable":true,"href":"https:\/\/irla.cat\/casairla\/wp-json\/wp\/v2\/comments?post=376"}],"version-history":[{"count":1,"href":"https:\/\/irla.cat\/casairla\/wp-json\/wp\/v2\/posts\/376\/revisions"}],"predecessor-version":[{"id":378,"href":"https:\/\/irla.cat\/casairla\/wp-json\/wp\/v2\/posts\/376\/revisions\/378"}],"wp:featuredmedia":[{"embeddable":true,"href":"https:\/\/irla.cat\/casairla\/wp-json\/wp\/v2\/media\/377"}],"wp:attachment":[{"href":"https:\/\/irla.cat\/casairla\/wp-json\/wp\/v2\/media?parent=376"}],"wp:term":[{"taxonomy":"category","embeddable":true,"href":"https:\/\/irla.cat\/casairla\/wp-json\/wp\/v2\/categories?post=376"},{"taxonomy":"post_tag","embeddable":true,"href":"https:\/\/irla.cat\/casairla\/wp-json\/wp\/v2\/tags?post=376"}],"curies":[{"name":"wp","href":"https:\/\/api.w.org\/{rel}","templated":true}]}}