{"id":370,"date":"2014-10-06T10:23:21","date_gmt":"2014-10-06T09:23:21","guid":{"rendered":"http:\/\/www.irla.cat\/casairla\/?p=370"},"modified":"2017-03-27T10:24:49","modified_gmt":"2017-03-27T09:24:49","slug":"eduard-voltas-els-catalans-ja-som-independents","status":"publish","type":"post","link":"https:\/\/irla.cat\/casairla\/2014\/10\/06\/eduard-voltas-els-catalans-ja-som-independents\/","title":{"rendered":"Eduard Voltas: Els catalans ja som independents&#8230;"},"content":{"rendered":"<p>Eduard Voltes, periodista i editor de la revista &#8220;Time Out&#8221; va ser dissabte a la Casa Irla presentant el seu llibre &#8220;Carta a un indec\u00eds&#8221;.<!--more--><\/p>\n<p>El seu amic i tamb\u00e9 periodista, Pere Mart\u00ed, va ser l&#8217;encarregat de fer la presentaci\u00f3 de l&#8217;acte. L&#8217;Eduard Voltas va afirmar que els catalans ja som independents, ja hem desconnectat d&#8217;Espanya, ara nom\u00e9s cal que ho sigui Catalunya i les seves institucions.<\/p>\n<p>Voltas va explicar que cal treballar per a qu\u00e8 aquelles persones que encara avui s\u00f3n indecises davant del proc\u00e9s d&#8217;independ\u00e8ncia puguin veure que en aquesta Catalunya que volem construir hi cap tothom i que les seves opinions tamb\u00e9 han de ser tingudes en compte. I la Rep\u00fablica Catalana de l&#8217;endem\u00e0 de la independ\u00e8ncia ser\u00e0 un pa\u00eds de tots i per a tots, per aquells que ho hagin votat i per als que no i cal que tothom s&#8217;hi trobi b\u00e9.<\/p>\n<p>No hi ha hagut mai cap pa\u00eds en la hist\u00f2ria que una vegada s&#8217;hagi declarat independent hagi tornar enrere.<\/p>\n<p>&nbsp;<\/p>\n","protected":false},"excerpt":{"rendered":"<p>Eduard Voltes, periodista i editor de la revista &#8220;Time Out&#8221; va ser dissabte a la Casa Irla presentant el seu<\/p>\n","protected":false},"author":1,"featured_media":371,"comment_status":"open","ping_status":"open","sticky":false,"template":"template-centered.php","format":"standard","meta":{"footnotes":""},"categories":[1],"tags":[],"class_list":["post-370","post","type-post","status-publish","format-standard","has-post-thumbnail","hentry","category-general"],"_links":{"self":[{"href":"https:\/\/irla.cat\/casairla\/wp-json\/wp\/v2\/posts\/370","targetHints":{"allow":["GET"]}}],"collection":[{"href":"https:\/\/irla.cat\/casairla\/wp-json\/wp\/v2\/posts"}],"about":[{"href":"https:\/\/irla.cat\/casairla\/wp-json\/wp\/v2\/types\/post"}],"author":[{"embeddable":true,"href":"https:\/\/irla.cat\/casairla\/wp-json\/wp\/v2\/users\/1"}],"replies":[{"embeddable":true,"href":"https:\/\/irla.cat\/casairla\/wp-json\/wp\/v2\/comments?post=370"}],"version-history":[{"count":1,"href":"https:\/\/irla.cat\/casairla\/wp-json\/wp\/v2\/posts\/370\/revisions"}],"predecessor-version":[{"id":372,"href":"https:\/\/irla.cat\/casairla\/wp-json\/wp\/v2\/posts\/370\/revisions\/372"}],"wp:featuredmedia":[{"embeddable":true,"href":"https:\/\/irla.cat\/casairla\/wp-json\/wp\/v2\/media\/371"}],"wp:attachment":[{"href":"https:\/\/irla.cat\/casairla\/wp-json\/wp\/v2\/media?parent=370"}],"wp:term":[{"taxonomy":"category","embeddable":true,"href":"https:\/\/irla.cat\/casairla\/wp-json\/wp\/v2\/categories?post=370"},{"taxonomy":"post_tag","embeddable":true,"href":"https:\/\/irla.cat\/casairla\/wp-json\/wp\/v2\/tags?post=370"}],"curies":[{"name":"wp","href":"https:\/\/api.w.org\/{rel}","templated":true}]}}