{"id":367,"date":"2014-09-28T10:20:06","date_gmt":"2014-09-28T09:20:06","guid":{"rendered":"http:\/\/www.irla.cat\/casairla\/?p=367"},"modified":"2017-03-27T10:22:12","modified_gmt":"2017-03-27T09:22:12","slug":"sotrac-bon-concert-daquests-joves-musics","status":"publish","type":"post","link":"https:\/\/irla.cat\/casairla\/2014\/09\/28\/sotrac-bon-concert-daquests-joves-musics\/","title":{"rendered":"SOTRAC: bon concert d&#8217;aquests joves m\u00fasics"},"content":{"rendered":"<p>L&#8217;Artur, l&#8217;Adri\u00e0, en Joan, en Roger i l&#8217;Helena s\u00f3n uns uns joves m\u00fasics que formen Sotrac.<!--more--><\/p>\n<p>Sotrac, son un grup de pop-rock en catal\u00e0 que divendres 26 de setembre ens van oferir un recital de les seves can\u00e7ons que van entusiasmar als seus amics i coneguts que omplien la Casa Irla.<\/p>\n<p>Tenen molt cam\u00ed per rec\u00f3rrer i per continuar formant-se com a m\u00fasics i a la Casa Irla els volem tornar a veure i sentir a mesura que vagin fent i creant les seves can\u00e7ons.<\/p>\n<p>Per aquells que no vau poder venir a escoltar-los us n&#8217;oferim un petit tastet.<br \/>\n<iframe loading=\"lazy\" src=\"https:\/\/www.youtube.com\/embed\/j5cyFNaSFr0\" width=\"560\" height=\"315\" frameborder=\"0\" allowfullscreen=\"allowfullscreen\"><\/iframe><\/p>\n<p>&nbsp;<\/p>\n","protected":false},"excerpt":{"rendered":"<p>L&#8217;Artur, l&#8217;Adri\u00e0, en Joan, en Roger i l&#8217;Helena s\u00f3n uns uns joves m\u00fasics que formen Sotrac.<\/p>\n","protected":false},"author":1,"featured_media":368,"comment_status":"open","ping_status":"open","sticky":false,"template":"template-centered.php","format":"standard","meta":{"footnotes":""},"categories":[1],"tags":[],"class_list":["post-367","post","type-post","status-publish","format-standard","has-post-thumbnail","hentry","category-general"],"_links":{"self":[{"href":"https:\/\/irla.cat\/casairla\/wp-json\/wp\/v2\/posts\/367","targetHints":{"allow":["GET"]}}],"collection":[{"href":"https:\/\/irla.cat\/casairla\/wp-json\/wp\/v2\/posts"}],"about":[{"href":"https:\/\/irla.cat\/casairla\/wp-json\/wp\/v2\/types\/post"}],"author":[{"embeddable":true,"href":"https:\/\/irla.cat\/casairla\/wp-json\/wp\/v2\/users\/1"}],"replies":[{"embeddable":true,"href":"https:\/\/irla.cat\/casairla\/wp-json\/wp\/v2\/comments?post=367"}],"version-history":[{"count":1,"href":"https:\/\/irla.cat\/casairla\/wp-json\/wp\/v2\/posts\/367\/revisions"}],"predecessor-version":[{"id":369,"href":"https:\/\/irla.cat\/casairla\/wp-json\/wp\/v2\/posts\/367\/revisions\/369"}],"wp:featuredmedia":[{"embeddable":true,"href":"https:\/\/irla.cat\/casairla\/wp-json\/wp\/v2\/media\/368"}],"wp:attachment":[{"href":"https:\/\/irla.cat\/casairla\/wp-json\/wp\/v2\/media?parent=367"}],"wp:term":[{"taxonomy":"category","embeddable":true,"href":"https:\/\/irla.cat\/casairla\/wp-json\/wp\/v2\/categories?post=367"},{"taxonomy":"post_tag","embeddable":true,"href":"https:\/\/irla.cat\/casairla\/wp-json\/wp\/v2\/tags?post=367"}],"curies":[{"name":"wp","href":"https:\/\/api.w.org\/{rel}","templated":true}]}}