{"id":364,"date":"2014-09-28T10:18:20","date_gmt":"2014-09-28T09:18:20","guid":{"rendered":"http:\/\/www.irla.cat\/casairla\/?p=364"},"modified":"2017-03-27T10:19:53","modified_gmt":"2017-03-27T09:19:53","slug":"carod-rovira-en-uns-mesos-serem-independents","status":"publish","type":"post","link":"https:\/\/irla.cat\/casairla\/2014\/09\/28\/carod-rovira-en-uns-mesos-serem-independents\/","title":{"rendered":"Carod-Rovira: &#8220;en uns mesos serem independents&#8221;"},"content":{"rendered":"<p>Carod-Rovira va ser clar i contundent en les seves declaracions dissabte passat a la Casa Irla presentant el seu llibre &#8220;2014&#8221;.<!--more-->Malgrat que ja fa anys que el va escriure continua plenament vigent i d&#8217;actualitat. Va afirmar que en uns mesos Catalunya assolir\u00e0 la seva independ\u00e8ncia si la societat catalana aguanta i continua compromesa en la ferma voluntat esdevenir un poble lliure.<\/p>\n<p>Diu Carod que l&#8217;estat espanyol ens ha tret tantes coses que fins i tot ens ha tret la por i ara ja no es arruguem davant de res i tenim clar quin \u00e9s el nostre objectiu.<\/p>\n<p>En Josep-Llu\u00eds va fer una an\u00e0lisi de l&#8217;evoluci\u00f3 de l&#8217;independentisme en els darrers 20 anys i va posar com exemple que l&#8217;any 1991 hi havia tres diputats independentistes al Parlament de Catalunya i avui s\u00f3n molt m\u00e9s que la majoria absoluta, i aix\u00f2 ha estat gr\u00e0cies a la maduresa del poble de Catalunya i en el fet d&#8217;acollir totes les diversitats culturals i ling\u00fc\u00edstiques en el projecte catal\u00e0.<\/p>\n<p>En Josep-Ramon Llobet, coordinador local de l&#8217;ANC-Gu\u00edxols, va ser l&#8217;encarregat de fer la presentaci\u00f3 del ponent.<\/p>\n<p>&nbsp;<\/p>\n","protected":false},"excerpt":{"rendered":"<p>Carod-Rovira va ser clar i contundent en les seves declaracions dissabte passat a la Casa Irla presentant el seu llibre<\/p>\n","protected":false},"author":1,"featured_media":365,"comment_status":"open","ping_status":"open","sticky":false,"template":"","format":"standard","meta":{"footnotes":""},"categories":[1],"tags":[],"class_list":["post-364","post","type-post","status-publish","format-standard","has-post-thumbnail","hentry","category-general"],"_links":{"self":[{"href":"https:\/\/irla.cat\/casairla\/wp-json\/wp\/v2\/posts\/364","targetHints":{"allow":["GET"]}}],"collection":[{"href":"https:\/\/irla.cat\/casairla\/wp-json\/wp\/v2\/posts"}],"about":[{"href":"https:\/\/irla.cat\/casairla\/wp-json\/wp\/v2\/types\/post"}],"author":[{"embeddable":true,"href":"https:\/\/irla.cat\/casairla\/wp-json\/wp\/v2\/users\/1"}],"replies":[{"embeddable":true,"href":"https:\/\/irla.cat\/casairla\/wp-json\/wp\/v2\/comments?post=364"}],"version-history":[{"count":1,"href":"https:\/\/irla.cat\/casairla\/wp-json\/wp\/v2\/posts\/364\/revisions"}],"predecessor-version":[{"id":366,"href":"https:\/\/irla.cat\/casairla\/wp-json\/wp\/v2\/posts\/364\/revisions\/366"}],"wp:featuredmedia":[{"embeddable":true,"href":"https:\/\/irla.cat\/casairla\/wp-json\/wp\/v2\/media\/365"}],"wp:attachment":[{"href":"https:\/\/irla.cat\/casairla\/wp-json\/wp\/v2\/media?parent=364"}],"wp:term":[{"taxonomy":"category","embeddable":true,"href":"https:\/\/irla.cat\/casairla\/wp-json\/wp\/v2\/categories?post=364"},{"taxonomy":"post_tag","embeddable":true,"href":"https:\/\/irla.cat\/casairla\/wp-json\/wp\/v2\/tags?post=364"}],"curies":[{"name":"wp","href":"https:\/\/api.w.org\/{rel}","templated":true}]}}