{"id":361,"date":"2014-09-25T10:15:50","date_gmt":"2014-09-25T09:15:50","guid":{"rendered":"http:\/\/www.irla.cat\/casairla\/?p=361"},"modified":"2017-03-27T10:17:50","modified_gmt":"2017-03-27T09:17:50","slug":"carod-rovira-2014","status":"publish","type":"post","link":"https:\/\/irla.cat\/casairla\/2014\/09\/25\/carod-rovira-2014\/","title":{"rendered":"Carod-Rovira: 2014"},"content":{"rendered":"<p>El proper dissabte 27 de setembre a les 18h. a la Casa Irla tindrem la pres\u00e8ncia de Josep-Llu\u00eds Carod-Rovira.<!--more--><\/p>\n<p>L&#8217;exvicepresident de la Generalitat de Catalunya, presentar\u00e0 el seu darrer llibre\u00a0&#8220;<b>2014<\/b>&#8221; on, Carod-Rovira explica el pas de l\u2019independentisme emocional, minoritari, a l\u2019independentisme pol\u00edtic, majoritari, el cam\u00ed que va del nacionalisme defensiu a la<\/p>\n<div>\n<div>construcci\u00f3 d\u2019un projecte nacional per a una societat moderna que es vol lliure i amb qualitat de vida. Aqu\u00ed hi ha el full de ruta d\u2019un poble cam\u00ed de la seva llibertat.<\/div>\n<div><\/div>\n<div>El frac\u00e0s de la reforma de l\u2019estatut i el tancament d\u2019Espanya al reconeixement institucional de la naci\u00f3 catalana, l\u2019al\u00b7l\u00e8rgia permanent a la difer\u00e8ncia, aix\u00ed com la crisi econ\u00f2mica, han fet prendre consci\u00e8ncia al poble catal\u00e0 que no hi ha futur millor que aquell que es basa en la sobirania nacional per aconseguir benestar i progr\u00e9s, sempre per vies democr\u00e0tiques.<\/div>\n<div><\/div>\n<\/div>\n","protected":false},"excerpt":{"rendered":"<p>El proper dissabte 27 de setembre a les 18h. a la Casa Irla tindrem la pres\u00e8ncia de Josep-Llu\u00eds Carod-Rovira.<\/p>\n","protected":false},"author":1,"featured_media":362,"comment_status":"open","ping_status":"open","sticky":false,"template":"template-centered.php","format":"standard","meta":{"footnotes":""},"categories":[1],"tags":[],"class_list":["post-361","post","type-post","status-publish","format-standard","has-post-thumbnail","hentry","category-general"],"_links":{"self":[{"href":"https:\/\/irla.cat\/casairla\/wp-json\/wp\/v2\/posts\/361","targetHints":{"allow":["GET"]}}],"collection":[{"href":"https:\/\/irla.cat\/casairla\/wp-json\/wp\/v2\/posts"}],"about":[{"href":"https:\/\/irla.cat\/casairla\/wp-json\/wp\/v2\/types\/post"}],"author":[{"embeddable":true,"href":"https:\/\/irla.cat\/casairla\/wp-json\/wp\/v2\/users\/1"}],"replies":[{"embeddable":true,"href":"https:\/\/irla.cat\/casairla\/wp-json\/wp\/v2\/comments?post=361"}],"version-history":[{"count":1,"href":"https:\/\/irla.cat\/casairla\/wp-json\/wp\/v2\/posts\/361\/revisions"}],"predecessor-version":[{"id":363,"href":"https:\/\/irla.cat\/casairla\/wp-json\/wp\/v2\/posts\/361\/revisions\/363"}],"wp:featuredmedia":[{"embeddable":true,"href":"https:\/\/irla.cat\/casairla\/wp-json\/wp\/v2\/media\/362"}],"wp:attachment":[{"href":"https:\/\/irla.cat\/casairla\/wp-json\/wp\/v2\/media?parent=361"}],"wp:term":[{"taxonomy":"category","embeddable":true,"href":"https:\/\/irla.cat\/casairla\/wp-json\/wp\/v2\/categories?post=361"},{"taxonomy":"post_tag","embeddable":true,"href":"https:\/\/irla.cat\/casairla\/wp-json\/wp\/v2\/tags?post=361"}],"curies":[{"name":"wp","href":"https:\/\/api.w.org\/{rel}","templated":true}]}}