{"id":357,"date":"2014-09-25T10:13:22","date_gmt":"2014-09-25T09:13:22","guid":{"rendered":"http:\/\/www.irla.cat\/casairla\/?p=357"},"modified":"2017-03-27T10:14:54","modified_gmt":"2017-03-27T09:14:54","slug":"sotrac-pop-rock-en-catala","status":"publish","type":"post","link":"https:\/\/irla.cat\/casairla\/2014\/09\/25\/sotrac-pop-rock-en-catala\/","title":{"rendered":"Sotrac, pop-rock en catal\u00e0"},"content":{"rendered":"<p>Aquest divendres 26 de setembre, a les 22:30h, comencem la m\u00fasica en viu a la Casa Irla, amb el grup de pop-rock Sotrac.<!--more--><br \/>\nSotrac \u00e9s un grup format per gent de Llagostera i Sant Feliu de Gu\u00edxols, que va n\u00e9ixer fa quatre anys per\u00f2 que per diferents motius va haver d\u2019aturar-se.<\/p>\n<p>Ara fa un any van decidir comen\u00e7ar un projecte nou basat en un repertori propi cada cop m\u00e9s extens, en l\u2019auto-gravaci\u00f3 i producci\u00f3 de les can\u00e7ons, que poc a poc van sortint a la llum, i que proposa una m\u00fasica propera i positiva en catal\u00e0.<\/p>\n<p>Amb aquest projecte sota el bra\u00e7, Sotrac ha comen\u00e7at a caminar gr\u00e0cies al suport de la gent que els segueix a Facebook, que escolta i es descarrega les seves can\u00e7ons i que assisteixen als concerts que mica en mica se\u2019ls van presentant.<\/p>\n<p>&nbsp;<\/p>\n","protected":false},"excerpt":{"rendered":"<p>Aquest divendres 26 de setembre, a les 22:30h, comencem la m\u00fasica en viu a la Casa Irla, amb el grup<\/p>\n","protected":false},"author":1,"featured_media":358,"comment_status":"open","ping_status":"open","sticky":false,"template":"template-centered.php","format":"standard","meta":{"footnotes":""},"categories":[1],"tags":[],"class_list":["post-357","post","type-post","status-publish","format-standard","has-post-thumbnail","hentry","category-general"],"_links":{"self":[{"href":"https:\/\/irla.cat\/casairla\/wp-json\/wp\/v2\/posts\/357","targetHints":{"allow":["GET"]}}],"collection":[{"href":"https:\/\/irla.cat\/casairla\/wp-json\/wp\/v2\/posts"}],"about":[{"href":"https:\/\/irla.cat\/casairla\/wp-json\/wp\/v2\/types\/post"}],"author":[{"embeddable":true,"href":"https:\/\/irla.cat\/casairla\/wp-json\/wp\/v2\/users\/1"}],"replies":[{"embeddable":true,"href":"https:\/\/irla.cat\/casairla\/wp-json\/wp\/v2\/comments?post=357"}],"version-history":[{"count":1,"href":"https:\/\/irla.cat\/casairla\/wp-json\/wp\/v2\/posts\/357\/revisions"}],"predecessor-version":[{"id":359,"href":"https:\/\/irla.cat\/casairla\/wp-json\/wp\/v2\/posts\/357\/revisions\/359"}],"wp:featuredmedia":[{"embeddable":true,"href":"https:\/\/irla.cat\/casairla\/wp-json\/wp\/v2\/media\/358"}],"wp:attachment":[{"href":"https:\/\/irla.cat\/casairla\/wp-json\/wp\/v2\/media?parent=357"}],"wp:term":[{"taxonomy":"category","embeddable":true,"href":"https:\/\/irla.cat\/casairla\/wp-json\/wp\/v2\/categories?post=357"},{"taxonomy":"post_tag","embeddable":true,"href":"https:\/\/irla.cat\/casairla\/wp-json\/wp\/v2\/tags?post=357"}],"curies":[{"name":"wp","href":"https:\/\/api.w.org\/{rel}","templated":true}]}}