{"id":354,"date":"2014-09-21T10:11:49","date_gmt":"2014-09-21T09:11:49","guid":{"rendered":"http:\/\/www.irla.cat\/casairla\/?p=354"},"modified":"2017-03-27T10:15:05","modified_gmt":"2017-03-27T09:15:05","slug":"miquel-sellares-ara-es-lhora-de-la-unitat","status":"publish","type":"post","link":"https:\/\/irla.cat\/casairla\/2014\/09\/21\/miquel-sellares-ara-es-lhora-de-la-unitat\/","title":{"rendered":"Miquel Sellar\u00e8s: &#8220;ara \u00e9s l&#8217;hora de la unitat&#8221;"},"content":{"rendered":"<p>Miquel Sellar\u00e8s acompanyat pel seu amic F\u00e8lix Mart\u00ed i presentat per Jordi Vil\u00e0 van ser a la Casa Irla per explicar-nos les seves mem\u00f2ries pol\u00edtiques.<!--more--><br \/>\nEn Sellar\u00e8s \u00e9s un home que ha treballat tota la seva vida amb un ideal: construir un estat nou, deia en F\u00e8lix Mart\u00ed. \u00c9s un amic fidel amb qui sempre s&#8217;hi pot comptar.<\/p>\n<p>En Miquel va ser fundador de la m\u00edtica Assemblea de Catalunya, que l&#8217;any 77 va organitzar la manifestaci\u00f3 del mili\u00f3 de persones l&#8217;11 de setembre. En aquella ocasi\u00f3 en Miquel es va ocupar de la seguretat de la Diada, fet que li va valdre el sobrenom de &#8220;mariscal Sellar\u00e8s&#8221; com encara se&#8217;l coneix avui.<\/p>\n<p>La seguretat sempre ha interessant a en Miquel, fins el punt que va ser l&#8217;impulsor dels Mossos d&#8217;Esquadra dels quals en va ser el primer Director General. I darrerament tamb\u00e9 va ser uns dels creadors de l&#8217;ANC amb la voluntat de sempre: fer de Catalunya un lliure. I en Miquel va concloure que ara \u00e9s l&#8217;hora gran d&#8217;aquest pa\u00eds i cal que els pol\u00edtics estiguin a l&#8217;altura i apostin per la unitat d&#8217;acci\u00f3 per aconseguir la independ\u00e8ncia de Catalunya.<\/p>\n<p>&nbsp;<\/p>\n","protected":false},"excerpt":{"rendered":"<p>Miquel Sellar\u00e8s acompanyat pel seu amic F\u00e8lix Mart\u00ed i presentat per Jordi Vil\u00e0 van ser a la Casa Irla per<\/p>\n","protected":false},"author":1,"featured_media":355,"comment_status":"open","ping_status":"open","sticky":false,"template":"template-centered.php","format":"standard","meta":{"footnotes":""},"categories":[1],"tags":[],"class_list":["post-354","post","type-post","status-publish","format-standard","has-post-thumbnail","hentry","category-general"],"_links":{"self":[{"href":"https:\/\/irla.cat\/casairla\/wp-json\/wp\/v2\/posts\/354","targetHints":{"allow":["GET"]}}],"collection":[{"href":"https:\/\/irla.cat\/casairla\/wp-json\/wp\/v2\/posts"}],"about":[{"href":"https:\/\/irla.cat\/casairla\/wp-json\/wp\/v2\/types\/post"}],"author":[{"embeddable":true,"href":"https:\/\/irla.cat\/casairla\/wp-json\/wp\/v2\/users\/1"}],"replies":[{"embeddable":true,"href":"https:\/\/irla.cat\/casairla\/wp-json\/wp\/v2\/comments?post=354"}],"version-history":[{"count":1,"href":"https:\/\/irla.cat\/casairla\/wp-json\/wp\/v2\/posts\/354\/revisions"}],"predecessor-version":[{"id":356,"href":"https:\/\/irla.cat\/casairla\/wp-json\/wp\/v2\/posts\/354\/revisions\/356"}],"wp:featuredmedia":[{"embeddable":true,"href":"https:\/\/irla.cat\/casairla\/wp-json\/wp\/v2\/media\/355"}],"wp:attachment":[{"href":"https:\/\/irla.cat\/casairla\/wp-json\/wp\/v2\/media?parent=354"}],"wp:term":[{"taxonomy":"category","embeddable":true,"href":"https:\/\/irla.cat\/casairla\/wp-json\/wp\/v2\/categories?post=354"},{"taxonomy":"post_tag","embeddable":true,"href":"https:\/\/irla.cat\/casairla\/wp-json\/wp\/v2\/tags?post=354"}],"curies":[{"name":"wp","href":"https:\/\/api.w.org\/{rel}","templated":true}]}}