{"id":351,"date":"2014-09-18T10:10:18","date_gmt":"2014-09-18T09:10:18","guid":{"rendered":"http:\/\/www.irla.cat\/casairla\/?p=351"},"modified":"2017-03-27T10:15:15","modified_gmt":"2017-03-27T09:15:15","slug":"miquel-sellares-construint-un-estat-nou","status":"publish","type":"post","link":"https:\/\/irla.cat\/casairla\/2014\/09\/18\/miquel-sellares-construint-un-estat-nou\/","title":{"rendered":"Miquel Sellar\u00e8s: \u201cConstruint un estat nou\u201d"},"content":{"rendered":"<p>Miquel Sellar\u00e8s presentar\u00e0 dissabte dia 20 de setembre a les 18h a la Casa Irla les seves mem\u00f2ries pol\u00edtiques: \u201cConstruint un estat nou\u201dEn Miquel \u00e9s un home de pa\u00eds.<\/p>\n<p><!--more--><\/p>\n<p>Implicat en els moviments socials i pol\u00edtics m\u00e9s importants dels \u00faltims cinquanta anys, \u00e9s un dels noms imprescindibles per entendre la lluita antifranquista i la transici\u00f3, i ha treballat al costat de personalitats com Jordi Pujol, Josep Benet, Max Cahner o Josep-Llu\u00eds Carod-Rovira.<\/p>\n<p>Al llarg d\u2019aquestes mem\u00f2ries pol\u00edtiques repassa els moments cabdals de la hist\u00f2ria catalana dels darrers anys, on sempre ha estat present en primera l\u00ednia, i no defuig els afers pol\u00e8mics que han marcat la seva traject\u00f2ria, com la creaci\u00f3 del cos dels Mossos d\u2019Esquadra o la den\u00fancia que va fer de la corrupci\u00f3 dels sectors vinculats a Llu\u00eds Prenafeta, que li va costar l\u2019expulsi\u00f3 de Converg\u00e8ncia Democr\u00e0tica de Catalunya.<\/p>\n<p>De fermes posicions independentistes, el temps ha donat la ra\u00f3 als seus plantejaments sobiranistes, i avui continua treballant des de diferents iniciatives amb la mateixa il\u00b7lusi\u00f3 i tenacitat per cimentar l\u2019Estat propi.<\/p>\n<p>Presentar\u00e0 l&#8217;acte F\u00e8lix Mart\u00ed, expresident del Centre Unesco de Catalunya.<\/p>\n<p>En acabar la confer\u00e8ncia hi haur\u00e0 un sopar tert\u00falia amb en Miquel. Us podeu apuntar trucant al tel\u00e8fon de la Casa Irla: 972.11.74.39 o b\u00e9 a trav\u00e9s del seg\u00fcent formulari. Preu del sopar: 15\u20ac.<\/p>\n<p>&nbsp;<\/p>\n","protected":false},"excerpt":{"rendered":"<p>Miquel Sellar\u00e8s presentar\u00e0 dissabte dia 20 de setembre a les 18h a la Casa Irla les seves mem\u00f2ries pol\u00edtiques: \u201cConstruint<\/p>\n","protected":false},"author":1,"featured_media":352,"comment_status":"open","ping_status":"open","sticky":false,"template":"template-centered.php","format":"standard","meta":{"footnotes":""},"categories":[1],"tags":[],"class_list":["post-351","post","type-post","status-publish","format-standard","has-post-thumbnail","hentry","category-general"],"_links":{"self":[{"href":"https:\/\/irla.cat\/casairla\/wp-json\/wp\/v2\/posts\/351","targetHints":{"allow":["GET"]}}],"collection":[{"href":"https:\/\/irla.cat\/casairla\/wp-json\/wp\/v2\/posts"}],"about":[{"href":"https:\/\/irla.cat\/casairla\/wp-json\/wp\/v2\/types\/post"}],"author":[{"embeddable":true,"href":"https:\/\/irla.cat\/casairla\/wp-json\/wp\/v2\/users\/1"}],"replies":[{"embeddable":true,"href":"https:\/\/irla.cat\/casairla\/wp-json\/wp\/v2\/comments?post=351"}],"version-history":[{"count":1,"href":"https:\/\/irla.cat\/casairla\/wp-json\/wp\/v2\/posts\/351\/revisions"}],"predecessor-version":[{"id":353,"href":"https:\/\/irla.cat\/casairla\/wp-json\/wp\/v2\/posts\/351\/revisions\/353"}],"wp:featuredmedia":[{"embeddable":true,"href":"https:\/\/irla.cat\/casairla\/wp-json\/wp\/v2\/media\/352"}],"wp:attachment":[{"href":"https:\/\/irla.cat\/casairla\/wp-json\/wp\/v2\/media?parent=351"}],"wp:term":[{"taxonomy":"category","embeddable":true,"href":"https:\/\/irla.cat\/casairla\/wp-json\/wp\/v2\/categories?post=351"},{"taxonomy":"post_tag","embeddable":true,"href":"https:\/\/irla.cat\/casairla\/wp-json\/wp\/v2\/tags?post=351"}],"curies":[{"name":"wp","href":"https:\/\/api.w.org\/{rel}","templated":true}]}}