{"id":348,"date":"2014-09-14T10:03:48","date_gmt":"2014-09-14T09:03:48","guid":{"rendered":"http:\/\/www.irla.cat\/casairla\/?p=348"},"modified":"2017-03-27T10:15:25","modified_gmt":"2017-03-27T09:15:25","slug":"programacio-tardor-2014","status":"publish","type":"post","link":"https:\/\/irla.cat\/casairla\/2014\/09\/14\/programacio-tardor-2014\/","title":{"rendered":"Programaci\u00f3 Tardor 2014"},"content":{"rendered":"<div>La Casa Irla es posa en marxa en aquesta tardor 2014 que ha de ser la m\u00e9s intensa i apassionat que hem viscut mai en aquest pa\u00eds&#8230; la que ens ha de portar a assolir la llibertat del poble catal\u00e0.<\/div>\n<p><!--more--><\/p>\n<div>Ha arribat el moment de recollir els fruits dels sacrificis dels \u00a0homes del passat, tal com deia Josep Irla en una carta al seu amic Felip Calvet:<\/div>\n<div>(&#8230;)pel que es refereix a Catalunya confio \u00a0que, en arribar a la seva maduresa la joventut catalana, en recollir els sacrificis dels seus homes del passat, lluitar\u00e0 perqu\u00e8 nostra p\u00e0tria sigui rica i plena, com es mereix i tenen dret els catalans\u201d.<\/div>\n<div><\/div>\n<div>I la Fundaci\u00f3 Josep Irla vol fer honor a aquestes paraules i continuem treballant per a qu\u00e8 Catalunya sigui rica, plena. I ho fem de la manera que sabem oferint-vos una programaci\u00f3 de caire cultural, social i pol\u00edtic per a qu\u00e8 puguem viure i participar intensament d\u2019aquest proc\u00e9s cap a la independ\u00e8ncia.<\/div>\n<div><\/div>\n<div>Us oferim la possibilitat de venir a escolar, \u00a0parlar i conversar \u00a0amb personatges com Miquel Sellar\u00e8s, Josep-Llu\u00eds Carod-Rovira, Eduard Voltas, Xavier Bosh, Francesc Homs, entre d\u2019altres.<\/div>\n<div>Tamb\u00e9 us oferim la part m\u00e9s l\u00fadica i amena de la cultura, els nostres s\u00f3n de taverna que acolliran des de m\u00fasica tradicional passant pel jazz o les havaneres.<\/div>\n<div><\/div>\n<div>\n<p>Per primera vegada us oferim unes fires tem\u00e0tiques de productes artesans. Vam iniciar una col\u2022laboraci\u00f3 amb la Fundaci\u00f3 V\u00edmar i ara continuem, tindrem els seus productes a la venda a la Fira de Decoraci\u00f3 i Artesania el dia 1 de novembre.<\/p>\n<\/div>\n<div>\n<div><b><span style=\"color: #ff9900; font-size: medium;\">Cicle &#8220;El pa\u00eds que volem&#8221;<\/span><\/b><\/div>\n<div>20 de setembre.\u00a0<b><span style=\"color: #3d85c6;\">Miquel Sellar\u00e8s<\/span><\/b>. Presentaci\u00f3 del llibre: &#8220;Construint un estat nou. Mem\u00f2ries pol\u00edtiques&#8221;<br \/>\n27 de setembre.<b><span style=\"color: #3d85c6;\">\u00a0Josep-Llu\u00eds Carod-Rovira<\/span><\/b>. Presentaci\u00f3 del llibre: &#8220;2014&#8221;<\/div>\n<div>4 d&#8217;octubre.<b><span style=\"color: #3d85c6;\">\u00a0Eduard Voltas<\/span><\/b>. Presentaci\u00f3 del llibre &#8220;Carta a un indec\u00eds&#8221;.<\/div>\n<div>11 d&#8217;octubre.<b><span style=\"color: #3d85c6;\">\u00a0Xavier Bosch<\/span><\/b>. Presentaci\u00f3 de llibre &#8220;Euf\u00f2ria&#8221;<br \/>\n20 de novembre:\u00a0<b><span style=\"color: #3d85c6;\">Teresa Forcades<\/span><\/b>. Presentaci\u00f3 del llibre: &#8220;\u00c9s a les nostres mans&#8221;.<\/div>\n<div>Pendent de data: <b>Francesc Homs<\/b>. Conseller de la Presid\u00e8ncia de la Generalitat de Catalunya.<\/div>\n<div>Pendent de data:\u00a0<span style=\"color: #3d85c6;\"><b>Carles Viver Pi-Sunyer<\/b><\/span>.\u00a0Director de l&#8217;Institut d&#8217;Estudis Auton\u00f2mics de la Generalitat de Catalunya<\/div>\n<div><\/div>\n<div><b><span style=\"color: #ff9900; font-size: medium;\">Activitats musicals: &#8220;Sons de Taverna&#8221;<\/span><\/b><\/div>\n<div>\n<div>26 de setembre.\u00a0<b><span style=\"color: #3d85c6;\">SOTRAC<\/span><\/b>. Pop-Rock<\/div>\n<div>17 octubre.\u00a0<span style=\"color: #3d85c6;\"><b>THE BAZAGA&#8217;S<\/b><\/span>. Rock &amp; Roll<\/div>\n<div>7 de novembre.<span style=\"color: #3d85c6;\"><b>\u00a0<\/b><\/span><span style=\"color: #3d85c6;\"><b>JAZZ CAT<\/b><\/span>, Jazz<\/div>\n<div>22 de novembre. <span style=\"color: #3d85c6;\"><b>NEUS MAR<\/b><\/span>.\u00a0Havaneres<\/div>\n<div>28 de novembre.\u00a0<b><span style=\"color: #3d85c6;\">L&#8217;ORQUESTRA DEL TIT\u00c0NIC<\/span><\/b>. Jazz-Blues<\/div>\n<div><\/div>\n<div><b><span style=\"color: #ff9900; font-size: medium;\">Exposicions d&#8217;art<\/span><\/b><\/div>\n<div>Setembre-Octubre.<span style=\"color: #3d85c6;\"><b>\u00a0Anna Castell\u00f3<\/b><\/span>. Pintura<\/div>\n<div>\n<p>Novembre-Desembre. \u00a0<b><span style=\"color: #3d85c6;\">Elissa Mengual<\/span><\/b>.\u00a0Pintura<\/p>\n<p><b><span style=\"color: #ff9900; font-size: medium;\">Fires<br \/>\n<\/span><\/b>1 de novembre.\u00a0<b><span style=\"color: #3d85c6;\">Fira de decoraci\u00f3 artesana i reciclatge<br \/>\n<\/span><\/b>6 de desembre.\u00a0<b><span style=\"color: #3d85c6;\">Fira d&#8217;hivern<\/span><\/b><\/p>\n<\/div>\n<div><\/div>\n<\/div>\n<\/div>\n","protected":false},"excerpt":{"rendered":"<p>La Casa Irla es posa en marxa en aquesta tardor 2014 que ha de ser la m\u00e9s intensa i apassionat<\/p>\n","protected":false},"author":1,"featured_media":349,"comment_status":"open","ping_status":"open","sticky":false,"template":"template-centered.php","format":"standard","meta":{"footnotes":""},"categories":[1],"tags":[],"class_list":["post-348","post","type-post","status-publish","format-standard","has-post-thumbnail","hentry","category-general"],"_links":{"self":[{"href":"https:\/\/irla.cat\/casairla\/wp-json\/wp\/v2\/posts\/348","targetHints":{"allow":["GET"]}}],"collection":[{"href":"https:\/\/irla.cat\/casairla\/wp-json\/wp\/v2\/posts"}],"about":[{"href":"https:\/\/irla.cat\/casairla\/wp-json\/wp\/v2\/types\/post"}],"author":[{"embeddable":true,"href":"https:\/\/irla.cat\/casairla\/wp-json\/wp\/v2\/users\/1"}],"replies":[{"embeddable":true,"href":"https:\/\/irla.cat\/casairla\/wp-json\/wp\/v2\/comments?post=348"}],"version-history":[{"count":2,"href":"https:\/\/irla.cat\/casairla\/wp-json\/wp\/v2\/posts\/348\/revisions"}],"predecessor-version":[{"id":360,"href":"https:\/\/irla.cat\/casairla\/wp-json\/wp\/v2\/posts\/348\/revisions\/360"}],"wp:featuredmedia":[{"embeddable":true,"href":"https:\/\/irla.cat\/casairla\/wp-json\/wp\/v2\/media\/349"}],"wp:attachment":[{"href":"https:\/\/irla.cat\/casairla\/wp-json\/wp\/v2\/media?parent=348"}],"wp:term":[{"taxonomy":"category","embeddable":true,"href":"https:\/\/irla.cat\/casairla\/wp-json\/wp\/v2\/categories?post=348"},{"taxonomy":"post_tag","embeddable":true,"href":"https:\/\/irla.cat\/casairla\/wp-json\/wp\/v2\/tags?post=348"}],"curies":[{"name":"wp","href":"https:\/\/api.w.org\/{rel}","templated":true}]}}