{"id":344,"date":"2014-08-29T10:01:35","date_gmt":"2014-08-29T09:01:35","guid":{"rendered":"http:\/\/www.irla.cat\/casairla\/?p=344"},"modified":"2017-03-27T10:03:29","modified_gmt":"2017-03-27T09:03:29","slug":"inauguracio-de-lexposicio-danna-castello","status":"publish","type":"post","link":"https:\/\/irla.cat\/casairla\/2014\/08\/29\/inauguracio-de-lexposicio-danna-castello\/","title":{"rendered":"Inauguraci\u00f3 de l&#8217;exposici\u00f3 d&#8217;Anna Castell\u00f3"},"content":{"rendered":"<p>Aquest dissabte 30 d\u2019agost a les 19h. a la Casa Irla s\u2019inaugura l\u2019exposici\u00f3 d\u2019Anna Castell\u00f3 que porta per t\u00edtol \u201cSant Feliu i jo\u201d.<!--more--><br \/>\nTot i que pugui semblar que en aquesta exposici\u00f3 hi trobareu pintures de diferents racons de la nostra ciutat, la realitat \u00e9s ben diferent. L\u2019Anna no pinta la ciutat sin\u00f3 que pinta per a la ciutat per a la seva gent: es bolca en les sensacions, les olors, els colors i les viv\u00e8ncies que brollen del seu interior amb llibertat delicadesa i transpar\u00e8ncia.<\/p>\n<p>L\u2019Anna ens diu: \u201cEls meus pensaments es transformen en colors i formes, sense intenci\u00f3 de que s\u2019entengui res, senzillament per gaudir-ne. Si quan veieu les meves pintures ho puc<br \/>\naconseguir, em puc sentir m\u00e9s que afortunada.\u201d<\/p>\n<p>I us ben assegurem que quan visiteu l\u2019exposici\u00f3 de l\u2019Anna Castell\u00f3 gaudireu del que veieu.<br \/>\nPodeu venir a veure l\u2019exposici\u00f3 de l\u2019Anna Castell\u00f3 fins a final d\u2019octubre.<\/p>\n<p><img loading=\"lazy\" decoding=\"async\" class=\"aligncenter size-full wp-image-346\" src=\"http:\/\/www.irla.cat\/casairla\/wp-content\/uploads\/2017\/03\/targeto-Anna-Castello\u0301.jpg\" alt=\"\" width=\"400\" height=\"400\" srcset=\"https:\/\/irla.cat\/casairla\/wp-content\/uploads\/2017\/03\/targeto-Anna-Castello\u0301.jpg 400w, https:\/\/irla.cat\/casairla\/wp-content\/uploads\/2017\/03\/targeto-Anna-Castello\u0301-150x150.jpg 150w, https:\/\/irla.cat\/casairla\/wp-content\/uploads\/2017\/03\/targeto-Anna-Castello\u0301-300x300.jpg 300w\" sizes=\"auto, (max-width: 400px) 100vw, 400px\" \/><\/p>\n<p>&nbsp;<\/p>\n","protected":false},"excerpt":{"rendered":"<p>Aquest dissabte 30 d\u2019agost a les 19h. a la Casa Irla s\u2019inaugura l\u2019exposici\u00f3 d\u2019Anna Castell\u00f3 que porta per t\u00edtol \u201cSant<\/p>\n","protected":false},"author":1,"featured_media":345,"comment_status":"open","ping_status":"open","sticky":false,"template":"template-centered.php","format":"standard","meta":{"footnotes":""},"categories":[1],"tags":[],"class_list":["post-344","post","type-post","status-publish","format-standard","has-post-thumbnail","hentry","category-general"],"_links":{"self":[{"href":"https:\/\/irla.cat\/casairla\/wp-json\/wp\/v2\/posts\/344","targetHints":{"allow":["GET"]}}],"collection":[{"href":"https:\/\/irla.cat\/casairla\/wp-json\/wp\/v2\/posts"}],"about":[{"href":"https:\/\/irla.cat\/casairla\/wp-json\/wp\/v2\/types\/post"}],"author":[{"embeddable":true,"href":"https:\/\/irla.cat\/casairla\/wp-json\/wp\/v2\/users\/1"}],"replies":[{"embeddable":true,"href":"https:\/\/irla.cat\/casairla\/wp-json\/wp\/v2\/comments?post=344"}],"version-history":[{"count":1,"href":"https:\/\/irla.cat\/casairla\/wp-json\/wp\/v2\/posts\/344\/revisions"}],"predecessor-version":[{"id":347,"href":"https:\/\/irla.cat\/casairla\/wp-json\/wp\/v2\/posts\/344\/revisions\/347"}],"wp:featuredmedia":[{"embeddable":true,"href":"https:\/\/irla.cat\/casairla\/wp-json\/wp\/v2\/media\/345"}],"wp:attachment":[{"href":"https:\/\/irla.cat\/casairla\/wp-json\/wp\/v2\/media?parent=344"}],"wp:term":[{"taxonomy":"category","embeddable":true,"href":"https:\/\/irla.cat\/casairla\/wp-json\/wp\/v2\/categories?post=344"},{"taxonomy":"post_tag","embeddable":true,"href":"https:\/\/irla.cat\/casairla\/wp-json\/wp\/v2\/tags?post=344"}],"curies":[{"name":"wp","href":"https:\/\/api.w.org\/{rel}","templated":true}]}}