{"id":337,"date":"2014-07-02T11:12:57","date_gmt":"2014-07-02T10:12:57","guid":{"rendered":"http:\/\/www.irla.cat\/casairla\/?p=337"},"modified":"2017-03-16T11:15:37","modified_gmt":"2017-03-16T10:15:37","slug":"inauguracio-de-lexposicio-de-jocelyne-marmottan","status":"publish","type":"post","link":"https:\/\/irla.cat\/casairla\/2014\/07\/02\/inauguracio-de-lexposicio-de-jocelyne-marmottan\/","title":{"rendered":"Inauguraci\u00f3 de l&#8217;exposici\u00f3 de Jocelyne Marmottan"},"content":{"rendered":"<p>Dissabte 5 de juliol, a les 19h. quedeu tots convidats a la inauguraci\u00f3 de l&#8217;exposici\u00f3.<!--more--><\/p>\n<p>Nova exposici\u00f3 a la Casa Irla de l&#8217;artista Jocelyne Marmottan que sota el t\u00edtol &#8220;Realitat alterada&#8221; ens presenta una col\u00b7lecci\u00f3 de pintures vives i alegres que ens arrencar\u00e0 un somriure i ens far\u00e0 sortir de l&#8217;exposici\u00f3 amb alegria.<\/p>\n<p>Utilitzant diferents t\u00e8cniques i diferents materials, la Jocelyne ens ofereix una gran col\u00b7lecci\u00f3 que desborda la seva personalitat i la seva manera d&#8217;entendre la vida.<\/p>\n<p>La cr\u00edtica d&#8217;art Maria Vin\u00f3s defineix aix\u00ed l&#8217;obra de Jocelyne Marmottan:<br \/>\n&#8220;<em>La s\u00e8rie Realitat Alterada captiva sencera aquesta sensaci\u00f3 de desconcert davant un contrast que juga amb la percepci\u00f3 de formes m\u00faltiples, l\u2019impacte \u00e9s m\u00e9s subtil per\u00f2 igualment potent en les peces on la forma s\u2019ha abstret gaireb\u00e9 completament i queda nom\u00e9s el color i la sensaci\u00f3 de moviment lleuger de les flors recentment caigudes i els seus plans d\u2019ombres i reflexos. Les pintures es desdoblen sense esgotar-se en una obra que escomet el tema a trav\u00e9s d\u2019una varietat de t\u00e8cniques que inclouen pintura a l\u2019oli, acr\u00edlica, aquarel\u00b7la, monot\u00edpia, fotografia i les seves trobades experimentals imatges alterades digitalment, impreses en tela, en paper amate i voltes a pintar [&#8230;]. La versatilitat amb qu\u00e8 traspassa els l\u00edmits d\u2019una o altra t\u00e8cnica \u00e9s ostentaci\u00f3 d\u2019un impuls original potenciat que flueix lliurement en el seu treball creatiu<\/em>&#8221;<\/p>\n<p>&nbsp;<\/p>\n","protected":false},"excerpt":{"rendered":"<p>Dissabte 5 de juliol, a les 19h. quedeu tots convidats a la inauguraci\u00f3 de l&#8217;exposici\u00f3.<\/p>\n","protected":false},"author":1,"featured_media":338,"comment_status":"open","ping_status":"open","sticky":false,"template":"template-centered.php","format":"standard","meta":{"footnotes":""},"categories":[1],"tags":[],"class_list":["post-337","post","type-post","status-publish","format-standard","has-post-thumbnail","hentry","category-general"],"_links":{"self":[{"href":"https:\/\/irla.cat\/casairla\/wp-json\/wp\/v2\/posts\/337","targetHints":{"allow":["GET"]}}],"collection":[{"href":"https:\/\/irla.cat\/casairla\/wp-json\/wp\/v2\/posts"}],"about":[{"href":"https:\/\/irla.cat\/casairla\/wp-json\/wp\/v2\/types\/post"}],"author":[{"embeddable":true,"href":"https:\/\/irla.cat\/casairla\/wp-json\/wp\/v2\/users\/1"}],"replies":[{"embeddable":true,"href":"https:\/\/irla.cat\/casairla\/wp-json\/wp\/v2\/comments?post=337"}],"version-history":[{"count":1,"href":"https:\/\/irla.cat\/casairla\/wp-json\/wp\/v2\/posts\/337\/revisions"}],"predecessor-version":[{"id":339,"href":"https:\/\/irla.cat\/casairla\/wp-json\/wp\/v2\/posts\/337\/revisions\/339"}],"wp:featuredmedia":[{"embeddable":true,"href":"https:\/\/irla.cat\/casairla\/wp-json\/wp\/v2\/media\/338"}],"wp:attachment":[{"href":"https:\/\/irla.cat\/casairla\/wp-json\/wp\/v2\/media?parent=337"}],"wp:term":[{"taxonomy":"category","embeddable":true,"href":"https:\/\/irla.cat\/casairla\/wp-json\/wp\/v2\/categories?post=337"},{"taxonomy":"post_tag","embeddable":true,"href":"https:\/\/irla.cat\/casairla\/wp-json\/wp\/v2\/tags?post=337"}],"curies":[{"name":"wp","href":"https:\/\/api.w.org\/{rel}","templated":true}]}}