{"id":335,"date":"2014-06-24T11:11:33","date_gmt":"2014-06-24T10:11:33","guid":{"rendered":"http:\/\/www.irla.cat\/casairla\/?p=335"},"modified":"2017-03-16T11:12:45","modified_gmt":"2017-03-16T10:12:45","slug":"propera-programacio-tardor-2014","status":"publish","type":"post","link":"https:\/\/irla.cat\/casairla\/2014\/06\/24\/propera-programacio-tardor-2014\/","title":{"rendered":"Propera programaci\u00f3: Tardor 2014"},"content":{"rendered":"<p>A la Casa Irla hem tancat la temporada d&#8217;hivern-primavera 2014 amb un balan\u00e7 for\u00e7a positiu.<!--more--> Han estat en aquests sis mesos m\u00e9s de 25 actes de diversa \u00edndole: confer\u00e8ncies, concerts, cinema f\u00f2rum, exposicions, reunions de ve\u00efns i entitats.<\/p>\n<p>Pel broc gros han estat m\u00e9s de mil dues-centes persones les que s&#8217;han acostat per la casa Irla a veure i participar d&#8217;alguna de les activitats que us hem ofert, i aix\u00f2 sense tenir en compte la gran quantitat de persones que han vingut a la Taverna a fer algun \u00e0pat.<\/p>\n<p>Tanquem la temporada amb una satisfacci\u00f3 relativa: satisfets per la feina feta i encoratjats alhora per continuar treballant, per\u00f2 amb el ferm prop\u00f2sit d&#8217;aconseguir arribar a molta m\u00e9s gent.<\/p>\n<p>Estem conven\u00e7uts que a Sant Feliu de Gu\u00edxols hi ha prou gent que li agrada gaudir d&#8217;un bon concert de m\u00fasica en directe, que hi ha prou gent que vol gaudir de les exposicions d&#8217;art, que tenim un munt de gent interessada en les confer\u00e8ncies i xerrades que us oferim.<\/p>\n<p>El nostre repte es fer-vos ho saber, que arribi la informaci\u00f3, comunicar-ho a quanta m\u00e9s gent millor. I aix\u00f2 tamb\u00e9 ho hem d&#8217;aconseguir amb la col\u00b7laboraci\u00f3 i ajut de tothom, de la manera m\u00e9s popular i \u00fatil: de boca a orella.<\/p>\n<p>Hem d&#8217;agra\u00efr a l&#8217;ANC de Gu\u00edxols la seva participaci\u00f3 en l&#8217;organitzaci\u00f3 del cicle \u201cEl pa\u00eds que volem\u201d. Ens trobem en un moment clau de la nostra Hist\u00f2ria i tots ens hi hem de sentir part\u00edcips, gaudir-ne i compartir-ho i aix\u00f2 \u00e9s el que pretenem amb totes aquestes xerrades.<\/p>\n<p>Ja us podem avan\u00e7ar que la programaci\u00f3 de tardor 2014 la comen\u00e7arem just despr\u00e9s de la Diada Nacional, el dissabte 13 de setembre amb la pres\u00e8ncia de l&#8217;Albert S\u00e1nchez Pi\u00f1ol que ens presentar\u00e0 la seva novel\u00b7la \u201cVICTUS, Barcelona 1714\u201d.<\/p>\n<p>&nbsp;<\/p>\n","protected":false},"excerpt":{"rendered":"<p>A la Casa Irla hem tancat la temporada d&#8217;hivern-primavera 2014 amb un balan\u00e7 for\u00e7a positiu.<\/p>\n","protected":false},"author":1,"featured_media":139,"comment_status":"open","ping_status":"open","sticky":false,"template":"template-centered.php","format":"standard","meta":{"footnotes":""},"categories":[1],"tags":[],"class_list":["post-335","post","type-post","status-publish","format-standard","has-post-thumbnail","hentry","category-general"],"_links":{"self":[{"href":"https:\/\/irla.cat\/casairla\/wp-json\/wp\/v2\/posts\/335","targetHints":{"allow":["GET"]}}],"collection":[{"href":"https:\/\/irla.cat\/casairla\/wp-json\/wp\/v2\/posts"}],"about":[{"href":"https:\/\/irla.cat\/casairla\/wp-json\/wp\/v2\/types\/post"}],"author":[{"embeddable":true,"href":"https:\/\/irla.cat\/casairla\/wp-json\/wp\/v2\/users\/1"}],"replies":[{"embeddable":true,"href":"https:\/\/irla.cat\/casairla\/wp-json\/wp\/v2\/comments?post=335"}],"version-history":[{"count":1,"href":"https:\/\/irla.cat\/casairla\/wp-json\/wp\/v2\/posts\/335\/revisions"}],"predecessor-version":[{"id":336,"href":"https:\/\/irla.cat\/casairla\/wp-json\/wp\/v2\/posts\/335\/revisions\/336"}],"wp:featuredmedia":[{"embeddable":true,"href":"https:\/\/irla.cat\/casairla\/wp-json\/wp\/v2\/media\/139"}],"wp:attachment":[{"href":"https:\/\/irla.cat\/casairla\/wp-json\/wp\/v2\/media?parent=335"}],"wp:term":[{"taxonomy":"category","embeddable":true,"href":"https:\/\/irla.cat\/casairla\/wp-json\/wp\/v2\/categories?post=335"},{"taxonomy":"post_tag","embeddable":true,"href":"https:\/\/irla.cat\/casairla\/wp-json\/wp\/v2\/tags?post=335"}],"curies":[{"name":"wp","href":"https:\/\/api.w.org\/{rel}","templated":true}]}}