{"id":330,"date":"2014-06-07T11:08:05","date_gmt":"2014-06-07T10:08:05","guid":{"rendered":"http:\/\/www.irla.cat\/casairla\/?p=330"},"modified":"2017-03-16T11:11:22","modified_gmt":"2017-03-16T10:11:22","slug":"rumba-catalana-amb-banana-beach","status":"publish","type":"post","link":"https:\/\/irla.cat\/casairla\/2014\/06\/07\/rumba-catalana-amb-banana-beach\/","title":{"rendered":"Rumba catalana amb Banana Beach"},"content":{"rendered":"<p>La rumba catalana de Bananna Beach a la Casa Irla.<!--more--><\/p>\n<p>Aquest divendres 13 de juny acabem la temporada de programaci\u00f3 cultural a la Casa Irla, i ho fem amb un grup de rumba catalana, &#8220;Bananna Beach&#8221; que v\u00e9nen de l\u2019Alt Empord\u00e0.<\/p>\n<p>Van comen\u00e7ar a tocar a partir del2009, i van decidir tocar rumba, al principi acompanyada d\u2019ska i reggae, ja que des de ben petits van poder observar que aquests g\u00e8nere no comportava ni comporta etiquetes ni difer\u00e8ncies, la rumba \u00e9s un g\u00e8nere que convida a tothom a ballar i passar-ho be i aix\u00f2 \u00e9s el que volen transmetre.<\/p>\n<p>A mesura que ha anat passat el temps el grup ha anat enamorant-se m\u00e9s d\u2019aquest g\u00e8nere fascinant que \u00e9s la rumba catalana i ha intentat trobar un so m\u00e9s rumberu, tot i conservar alguna pinzellada de reggae.<\/p>\n<p>Banana Beach ens prometen un concert en directe fresc, divertit i tropical, capa\u00e7 de fer sortir l\u2019alegria de l\u2019estiu qualsevol nit de l\u2019any!<\/p>\n<p><img loading=\"lazy\" decoding=\"async\" class=\"aligncenter size-full wp-image-333\" src=\"http:\/\/www.irla.cat\/casairla\/wp-content\/uploads\/2014\/06\/Cartell-Banana-Beach.jpg\" alt=\"\" width=\"400\" height=\"356\" srcset=\"https:\/\/irla.cat\/casairla\/wp-content\/uploads\/2014\/06\/Cartell-Banana-Beach.jpg 400w, https:\/\/irla.cat\/casairla\/wp-content\/uploads\/2014\/06\/Cartell-Banana-Beach-300x267.jpg 300w\" sizes=\"auto, (max-width: 400px) 100vw, 400px\" \/><\/p>\n","protected":false},"excerpt":{"rendered":"<p>La rumba catalana de Bananna Beach a la Casa Irla.<\/p>\n","protected":false},"author":1,"featured_media":331,"comment_status":"open","ping_status":"open","sticky":false,"template":"template-centered.php","format":"standard","meta":{"footnotes":""},"categories":[1],"tags":[],"class_list":["post-330","post","type-post","status-publish","format-standard","has-post-thumbnail","hentry","category-general"],"_links":{"self":[{"href":"https:\/\/irla.cat\/casairla\/wp-json\/wp\/v2\/posts\/330","targetHints":{"allow":["GET"]}}],"collection":[{"href":"https:\/\/irla.cat\/casairla\/wp-json\/wp\/v2\/posts"}],"about":[{"href":"https:\/\/irla.cat\/casairla\/wp-json\/wp\/v2\/types\/post"}],"author":[{"embeddable":true,"href":"https:\/\/irla.cat\/casairla\/wp-json\/wp\/v2\/users\/1"}],"replies":[{"embeddable":true,"href":"https:\/\/irla.cat\/casairla\/wp-json\/wp\/v2\/comments?post=330"}],"version-history":[{"count":2,"href":"https:\/\/irla.cat\/casairla\/wp-json\/wp\/v2\/posts\/330\/revisions"}],"predecessor-version":[{"id":334,"href":"https:\/\/irla.cat\/casairla\/wp-json\/wp\/v2\/posts\/330\/revisions\/334"}],"wp:featuredmedia":[{"embeddable":true,"href":"https:\/\/irla.cat\/casairla\/wp-json\/wp\/v2\/media\/331"}],"wp:attachment":[{"href":"https:\/\/irla.cat\/casairla\/wp-json\/wp\/v2\/media?parent=330"}],"wp:term":[{"taxonomy":"category","embeddable":true,"href":"https:\/\/irla.cat\/casairla\/wp-json\/wp\/v2\/categories?post=330"},{"taxonomy":"post_tag","embeddable":true,"href":"https:\/\/irla.cat\/casairla\/wp-json\/wp\/v2\/tags?post=330"}],"curies":[{"name":"wp","href":"https:\/\/api.w.org\/{rel}","templated":true}]}}