{"id":327,"date":"2014-06-02T11:06:25","date_gmt":"2014-06-02T10:06:25","guid":{"rendered":"http:\/\/www.irla.cat\/casairla\/?p=327"},"modified":"2017-03-16T11:07:58","modified_gmt":"2017-03-16T10:07:58","slug":"nova-etapa-a-cas-romague","status":"publish","type":"post","link":"https:\/\/irla.cat\/casairla\/2014\/06\/02\/nova-etapa-a-cas-romague\/","title":{"rendered":"Nova etapa a Cas Romagu\u00e9"},"content":{"rendered":"<div>Diumenge 1 de juny va comen\u00e7ar una nova etapa a la taverna de la Casa Irla, coneguda com a Cas Romagu\u00e9, quan la fam\u00edlia Irla la regentaven a principis del segle XX.<\/div>\n<p><!--more--><\/p>\n<div>En Sisco i la Lolita enceten aquest per\u00edode que els volem desitjar ple de prosperitat i molts \u00e8xits en aquest nou projecte de vida. La Casa Irla i la Taverna de Cas Romagu\u00e9 caminaran plegats per continuar fent d\u2019aquest espai ja emblem\u00e0tic de la ciutat un centre cultural obert a tothom, al barri, a la ciutat, a la comarca de manera que esdevingui lloc imprescindible de trobada per a tots aquells que volem que el nostre pa\u00eds avanci en aquest proc\u00e9s cap a la recuperaci\u00f3 de la llibertat.<\/div>\n<div><\/div>\n<div>En Sisco i la Lolita hi posaran tot el seu saber fer per donar a Cas Romagu\u00e9 un bon ambient, una bona companyia, i, \u00e9s clar, uns bons menjars per a qu\u00e8 tinguem sempre una excusa per anar cap a la taverna.<\/div>\n<div><\/div>\n<div>Malgrat els entrebancs, malgrat les ensopegades la Casa Irla continua el seu projecte de recuperaci\u00f3 de la mem\u00f2ria hist\u00f2rica en primer lloc del President Irla per\u00f2 tamb\u00e9 dels ideals de la Rep\u00fablica que Irla i tants altres van defensar.<\/div>\n<div><\/div>\n<div>I ara m\u00e9s que mai, ara que ja ens apropem cap a una nova Rep\u00fablica Catalana, hem de continuar treballant.<\/div>\n<div><\/div>\n<div>I recollint paraules de Felip Calvet, a la Taverna de Cas Romagu\u00e9 hi trobareu: cava i llibertat.<\/div>\n<div><\/div>\n","protected":false},"excerpt":{"rendered":"<p>Diumenge 1 de juny va comen\u00e7ar una nova etapa a la taverna de la Casa Irla, coneguda com a Cas<\/p>\n","protected":false},"author":1,"featured_media":328,"comment_status":"open","ping_status":"open","sticky":false,"template":"template-centered.php","format":"standard","meta":{"footnotes":""},"categories":[1],"tags":[],"class_list":["post-327","post","type-post","status-publish","format-standard","has-post-thumbnail","hentry","category-general"],"_links":{"self":[{"href":"https:\/\/irla.cat\/casairla\/wp-json\/wp\/v2\/posts\/327","targetHints":{"allow":["GET"]}}],"collection":[{"href":"https:\/\/irla.cat\/casairla\/wp-json\/wp\/v2\/posts"}],"about":[{"href":"https:\/\/irla.cat\/casairla\/wp-json\/wp\/v2\/types\/post"}],"author":[{"embeddable":true,"href":"https:\/\/irla.cat\/casairla\/wp-json\/wp\/v2\/users\/1"}],"replies":[{"embeddable":true,"href":"https:\/\/irla.cat\/casairla\/wp-json\/wp\/v2\/comments?post=327"}],"version-history":[{"count":1,"href":"https:\/\/irla.cat\/casairla\/wp-json\/wp\/v2\/posts\/327\/revisions"}],"predecessor-version":[{"id":329,"href":"https:\/\/irla.cat\/casairla\/wp-json\/wp\/v2\/posts\/327\/revisions\/329"}],"wp:featuredmedia":[{"embeddable":true,"href":"https:\/\/irla.cat\/casairla\/wp-json\/wp\/v2\/media\/328"}],"wp:attachment":[{"href":"https:\/\/irla.cat\/casairla\/wp-json\/wp\/v2\/media?parent=327"}],"wp:term":[{"taxonomy":"category","embeddable":true,"href":"https:\/\/irla.cat\/casairla\/wp-json\/wp\/v2\/categories?post=327"},{"taxonomy":"post_tag","embeddable":true,"href":"https:\/\/irla.cat\/casairla\/wp-json\/wp\/v2\/tags?post=327"}],"curies":[{"name":"wp","href":"https:\/\/api.w.org\/{rel}","templated":true}]}}