{"id":324,"date":"2014-06-01T11:04:16","date_gmt":"2014-06-01T10:04:16","guid":{"rendered":"http:\/\/www.irla.cat\/casairla\/?p=324"},"modified":"2017-03-16T11:06:14","modified_gmt":"2017-03-16T10:06:14","slug":"recital-daltisent","status":"publish","type":"post","link":"https:\/\/irla.cat\/casairla\/2014\/06\/01\/recital-daltisent\/","title":{"rendered":"Recital d&#8217;Altisent"},"content":{"rendered":"<p>El cantautor Llu\u00eds Torn\u00e9 va presentar el seu disc &#8220;Ales de pal&#8221;.<!--more--><\/p>\n<p>Llu\u00eds Torn\u00e9 va oferir el dissabte passat 31 de maig de 2014 a la Casa Irla un recital on present\u00e0 el seu disc &#8220;Ales de pal&#8221;, acompanyat al viol\u00ed pel seu fill, Eduard Torn\u00e9, va fer un rep\u00e0s a les seves composicions i tamb\u00e9 va musicar poemes de poetes catalans.<br \/>\n<iframe loading=\"lazy\" src=\"https:\/\/www.youtube.com\/embed\/sO3ld8ThE3g\" width=\"560\" height=\"315\" frameborder=\"0\" allowfullscreen=\"allowfullscreen\"><\/iframe><\/p>\n","protected":false},"excerpt":{"rendered":"<p>El cantautor Llu\u00eds Torn\u00e9 va presentar el seu disc &#8220;Ales de pal&#8221;.<\/p>\n","protected":false},"author":1,"featured_media":325,"comment_status":"open","ping_status":"open","sticky":false,"template":"template-centered.php","format":"standard","meta":{"footnotes":""},"categories":[1],"tags":[],"class_list":["post-324","post","type-post","status-publish","format-standard","has-post-thumbnail","hentry","category-general"],"_links":{"self":[{"href":"https:\/\/irla.cat\/casairla\/wp-json\/wp\/v2\/posts\/324","targetHints":{"allow":["GET"]}}],"collection":[{"href":"https:\/\/irla.cat\/casairla\/wp-json\/wp\/v2\/posts"}],"about":[{"href":"https:\/\/irla.cat\/casairla\/wp-json\/wp\/v2\/types\/post"}],"author":[{"embeddable":true,"href":"https:\/\/irla.cat\/casairla\/wp-json\/wp\/v2\/users\/1"}],"replies":[{"embeddable":true,"href":"https:\/\/irla.cat\/casairla\/wp-json\/wp\/v2\/comments?post=324"}],"version-history":[{"count":1,"href":"https:\/\/irla.cat\/casairla\/wp-json\/wp\/v2\/posts\/324\/revisions"}],"predecessor-version":[{"id":326,"href":"https:\/\/irla.cat\/casairla\/wp-json\/wp\/v2\/posts\/324\/revisions\/326"}],"wp:featuredmedia":[{"embeddable":true,"href":"https:\/\/irla.cat\/casairla\/wp-json\/wp\/v2\/media\/325"}],"wp:attachment":[{"href":"https:\/\/irla.cat\/casairla\/wp-json\/wp\/v2\/media?parent=324"}],"wp:term":[{"taxonomy":"category","embeddable":true,"href":"https:\/\/irla.cat\/casairla\/wp-json\/wp\/v2\/categories?post=324"},{"taxonomy":"post_tag","embeddable":true,"href":"https:\/\/irla.cat\/casairla\/wp-json\/wp\/v2\/tags?post=324"}],"curies":[{"name":"wp","href":"https:\/\/api.w.org\/{rel}","templated":true}]}}