{"id":321,"date":"2014-06-01T11:01:41","date_gmt":"2014-06-01T10:01:41","guid":{"rendered":"http:\/\/www.irla.cat\/casairla\/?p=321"},"modified":"2017-03-16T11:04:06","modified_gmt":"2017-03-16T10:04:06","slug":"vicent-partal-la-independencia-sera-un-proces-tranquil","status":"publish","type":"post","link":"https:\/\/irla.cat\/casairla\/2014\/06\/01\/vicent-partal-la-independencia-sera-un-proces-tranquil\/","title":{"rendered":"Vicent Partal: la independ\u00e8ncia ser\u00e0 un proc\u00e9s tranquil"},"content":{"rendered":"<p>Vicent Partal va ser divendres dia 30 de maig de 2014 a la Casa Irla per presentar el seu llibre &#8220;A un pam de la independ\u00e8ncia&#8221;. <!--more-->El director de Vilaweb ens va explicar de forma amena la seva visi\u00f3 del proc\u00e9s catal\u00e0 tot comparant-lo amb altres processos d&#8217;independ\u00e8ncia d&#8217;altres pa\u00efsos.<\/p>\n<p>En Vicent ens explic\u00e0 que el proc\u00e9s cap a la independ\u00e8ncia de Catalunya ser\u00e0 tranquil i pac\u00edfic que ho veurem arribar gaireb\u00e9 sense adonar-nos i que el pa\u00eds que construirem ser\u00e0, almenys, millor del que deixarem enrere.<\/p>\n<p>Segons Partal l&#8217;Estat Espanyol ja no t\u00e9 arguments per aturar el proc\u00e9s d&#8217;independ\u00e8ncia i que en aquests moments nom\u00e9s dep\u00e8n de la voluntat dels catalans i que siguem capa\u00e7os d&#8217;omplir les urnes de vots el proper 9 de novembre.<\/p>\n<p>Si la vict\u00f2ria \u00e9s clara no quedar\u00e0 dubte davant del m\u00f3n que Catalunya vol ser un nou estat de la Uni\u00f3 Europea i aleshores molts d&#8217;aquests pa\u00efsos veuran amb bons ulls el nostre proc\u00e9s i ens reconeixeran com a nou estat.<br \/>\nI per acabar en Vicent Partal ens va recomanar que gaudim d&#8217;aquest moment hist\u00f2ric per a Catalunya: feu fotos, graveu imatges, participeu del proc\u00e9s i compartiu-lo amb la fam\u00edlia i els amics. Tenim la gran sort de poder fer all\u00f2 que molts abans que nosaltres han anhel\u00b7lat i, \u00e9s la nostra responsabilitat d&#8217;arribar-hi en record i reconeixement a tots ells.<\/p>\n<p>&nbsp;<\/p>\n","protected":false},"excerpt":{"rendered":"<p>Vicent Partal va ser divendres dia 30 de maig de 2014 a la Casa Irla per presentar el seu llibre<\/p>\n","protected":false},"author":1,"featured_media":322,"comment_status":"open","ping_status":"open","sticky":false,"template":"template-centered.php","format":"standard","meta":{"footnotes":""},"categories":[1],"tags":[],"class_list":["post-321","post","type-post","status-publish","format-standard","has-post-thumbnail","hentry","category-general"],"_links":{"self":[{"href":"https:\/\/irla.cat\/casairla\/wp-json\/wp\/v2\/posts\/321","targetHints":{"allow":["GET"]}}],"collection":[{"href":"https:\/\/irla.cat\/casairla\/wp-json\/wp\/v2\/posts"}],"about":[{"href":"https:\/\/irla.cat\/casairla\/wp-json\/wp\/v2\/types\/post"}],"author":[{"embeddable":true,"href":"https:\/\/irla.cat\/casairla\/wp-json\/wp\/v2\/users\/1"}],"replies":[{"embeddable":true,"href":"https:\/\/irla.cat\/casairla\/wp-json\/wp\/v2\/comments?post=321"}],"version-history":[{"count":1,"href":"https:\/\/irla.cat\/casairla\/wp-json\/wp\/v2\/posts\/321\/revisions"}],"predecessor-version":[{"id":323,"href":"https:\/\/irla.cat\/casairla\/wp-json\/wp\/v2\/posts\/321\/revisions\/323"}],"wp:featuredmedia":[{"embeddable":true,"href":"https:\/\/irla.cat\/casairla\/wp-json\/wp\/v2\/media\/322"}],"wp:attachment":[{"href":"https:\/\/irla.cat\/casairla\/wp-json\/wp\/v2\/media?parent=321"}],"wp:term":[{"taxonomy":"category","embeddable":true,"href":"https:\/\/irla.cat\/casairla\/wp-json\/wp\/v2\/categories?post=321"},{"taxonomy":"post_tag","embeddable":true,"href":"https:\/\/irla.cat\/casairla\/wp-json\/wp\/v2\/tags?post=321"}],"curies":[{"name":"wp","href":"https:\/\/api.w.org\/{rel}","templated":true}]}}