{"id":312,"date":"2014-05-29T10:53:38","date_gmt":"2014-05-29T09:53:38","guid":{"rendered":"http:\/\/www.irla.cat\/casairla\/?p=312"},"modified":"2017-03-16T10:58:59","modified_gmt":"2017-03-16T09:58:59","slug":"cap-de-setmana-farcit-dactivitats","status":"publish","type":"post","link":"https:\/\/irla.cat\/casairla\/2014\/05\/29\/cap-de-setmana-farcit-dactivitats\/","title":{"rendered":"Cap de setmana farcit d&#8217;activitats"},"content":{"rendered":"<p>Aquest proper cap de setmana ve ben farcit d&#8217;activitats a la Casa Irla.<\/p>\n<p><!--more--><\/p>\n<p>Comen\u00e7arem el divendres 30 de maig de 2014 a les 19:30h amb la presentaci\u00f3 del llibre de Vicent Partal &#8220;A un pam de la independ\u00e8ncia&#8221; on el periodista i director de Vilaweb fa una cr\u00f2nica del proc\u00e9s que porta des de la gestaci\u00f3 de l\u2019Estatut de 2006 fins a la situaci\u00f3 acutal, amb l\u2019independentisme en primer pla del debat a Catalunya.<\/p>\n<p><img loading=\"lazy\" decoding=\"async\" class=\"alignleft wp-image-314 size-medium\" src=\"http:\/\/www.irla.cat\/casairla\/wp-content\/uploads\/2017\/03\/Lluis-Torne-227x300.jpg\" alt=\"\" width=\"227\" height=\"300\" srcset=\"https:\/\/irla.cat\/casairla\/wp-content\/uploads\/2017\/03\/Lluis-Torne-227x300.jpg 227w, https:\/\/irla.cat\/casairla\/wp-content\/uploads\/2017\/03\/Lluis-Torne.jpg 330w\" sizes=\"auto, (max-width: 227px) 100vw, 227px\" \/>El dissabte 31 a les 22:30h, ser\u00e0 el torn per a la m\u00facia, en aquesta ocaci\u00f3 de la m\u00e0 del cantautor ALTISENT, Llu\u00eds Torn\u00e9, oste\u00f2pata de professi\u00f3 que va estrenar-se com a cantautor presentant el seu disc \u00abAles de pal\u00bb al Tradicion\u00e0rius de Barcelona amb \u00e8xit de p\u00fablic i premsa.<\/p>\n<p>I el diumenge 1 de juny de 2014 estarem de celebraci\u00f3, perqu\u00e8 en Sisco i la Lolita s&#8217;han fet c\u00e0rrec de la gesti\u00f3 de la Taverna de Cas Romagu\u00e9.<\/p>\n<p>Una nova etapa que comencen amb molta il\u00b7lusi\u00f3 i amb ganes de fer de la Casa Irla i de la taverna un lloc de trobada i d&#8217;espai cultural.<\/p>\n<p><img loading=\"lazy\" decoding=\"async\" class=\"aligncenter size-full wp-image-315\" src=\"http:\/\/www.irla.cat\/casairla\/wp-content\/uploads\/2017\/03\/Siso-Taverna.jpg\" alt=\"\" width=\"600\" height=\"526\" srcset=\"https:\/\/irla.cat\/casairla\/wp-content\/uploads\/2017\/03\/Siso-Taverna.jpg 600w, https:\/\/irla.cat\/casairla\/wp-content\/uploads\/2017\/03\/Siso-Taverna-300x263.jpg 300w\" sizes=\"auto, (max-width: 600px) 100vw, 600px\" \/><\/p>\n","protected":false},"excerpt":{"rendered":"<p>Aquest proper cap de setmana ve ben farcit d&#8217;activitats a la Casa Irla.<\/p>\n","protected":false},"author":1,"featured_media":313,"comment_status":"open","ping_status":"open","sticky":false,"template":"template-centered.php","format":"standard","meta":{"footnotes":""},"categories":[1],"tags":[],"class_list":["post-312","post","type-post","status-publish","format-standard","has-post-thumbnail","hentry","category-general"],"_links":{"self":[{"href":"https:\/\/irla.cat\/casairla\/wp-json\/wp\/v2\/posts\/312","targetHints":{"allow":["GET"]}}],"collection":[{"href":"https:\/\/irla.cat\/casairla\/wp-json\/wp\/v2\/posts"}],"about":[{"href":"https:\/\/irla.cat\/casairla\/wp-json\/wp\/v2\/types\/post"}],"author":[{"embeddable":true,"href":"https:\/\/irla.cat\/casairla\/wp-json\/wp\/v2\/users\/1"}],"replies":[{"embeddable":true,"href":"https:\/\/irla.cat\/casairla\/wp-json\/wp\/v2\/comments?post=312"}],"version-history":[{"count":1,"href":"https:\/\/irla.cat\/casairla\/wp-json\/wp\/v2\/posts\/312\/revisions"}],"predecessor-version":[{"id":316,"href":"https:\/\/irla.cat\/casairla\/wp-json\/wp\/v2\/posts\/312\/revisions\/316"}],"wp:featuredmedia":[{"embeddable":true,"href":"https:\/\/irla.cat\/casairla\/wp-json\/wp\/v2\/media\/313"}],"wp:attachment":[{"href":"https:\/\/irla.cat\/casairla\/wp-json\/wp\/v2\/media?parent=312"}],"wp:term":[{"taxonomy":"category","embeddable":true,"href":"https:\/\/irla.cat\/casairla\/wp-json\/wp\/v2\/categories?post=312"},{"taxonomy":"post_tag","embeddable":true,"href":"https:\/\/irla.cat\/casairla\/wp-json\/wp\/v2\/tags?post=312"}],"curies":[{"name":"wp","href":"https:\/\/api.w.org\/{rel}","templated":true}]}}