{"id":308,"date":"2014-05-22T10:26:09","date_gmt":"2014-05-22T09:26:09","guid":{"rendered":"http:\/\/www.irla.cat\/casairla\/?p=308"},"modified":"2017-03-16T10:28:55","modified_gmt":"2017-03-16T09:28:55","slug":"el-paper-derc-en-el-proces-cap-a-la-independencia","status":"publish","type":"post","link":"https:\/\/irla.cat\/casairla\/2014\/05\/22\/el-paper-derc-en-el-proces-cap-a-la-independencia\/","title":{"rendered":"El paper d&#8217;ERC en el proc\u00e9s cap a la independ\u00e8ncia"},"content":{"rendered":"<p>Joan B. Culla analitzar\u00e0 el paper de Esquerra Republicana de Catalunya ha jugat en el proc\u00e9s de Catalunya cap a la independ\u00e8ncia.<!--more-->Des\u00a0dels inicis de la democr\u00e0cia amb Heribert Barrera al capdavant del partit fins al lideratge ferm i clar de l\u2019actual direcci\u00f3 Oriol Junqueras i Marta Rovira.<\/p>\n<div>L&#8217;acte tindr\u00e0 lloc a la Casa Irla el dissabte 24 de maig de 2014 a les 19h.<br \/>\nJoan B. Culla \u00e9s historiador i escriptor. Doctorat en Hist\u00f2ria Contempor\u00e0nia per la UB (1985), des del 1977 \u00e9s professor d\u2019Hist\u00f2ria Contempor\u00e0nia a la UAB.<\/p>\n<p><img loading=\"lazy\" decoding=\"async\" class=\"aligncenter size-full wp-image-310\" src=\"http:\/\/www.irla.cat\/casairla\/wp-content\/uploads\/2017\/03\/Cartell-Joan-B-Culla.jpg\" alt=\"\" width=\"350\" height=\"473\" srcset=\"https:\/\/irla.cat\/casairla\/wp-content\/uploads\/2017\/03\/Cartell-Joan-B-Culla.jpg 350w, https:\/\/irla.cat\/casairla\/wp-content\/uploads\/2017\/03\/Cartell-Joan-B-Culla-222x300.jpg 222w\" sizes=\"auto, (max-width: 350px) 100vw, 350px\" \/><\/p>\n<\/div>\n","protected":false},"excerpt":{"rendered":"<p>Joan B. Culla analitzar\u00e0 el paper de Esquerra Republicana de Catalunya ha jugat en el proc\u00e9s de Catalunya cap a<\/p>\n","protected":false},"author":1,"featured_media":309,"comment_status":"open","ping_status":"open","sticky":false,"template":"template-centered.php","format":"standard","meta":{"footnotes":""},"categories":[1],"tags":[],"class_list":["post-308","post","type-post","status-publish","format-standard","has-post-thumbnail","hentry","category-general"],"_links":{"self":[{"href":"https:\/\/irla.cat\/casairla\/wp-json\/wp\/v2\/posts\/308","targetHints":{"allow":["GET"]}}],"collection":[{"href":"https:\/\/irla.cat\/casairla\/wp-json\/wp\/v2\/posts"}],"about":[{"href":"https:\/\/irla.cat\/casairla\/wp-json\/wp\/v2\/types\/post"}],"author":[{"embeddable":true,"href":"https:\/\/irla.cat\/casairla\/wp-json\/wp\/v2\/users\/1"}],"replies":[{"embeddable":true,"href":"https:\/\/irla.cat\/casairla\/wp-json\/wp\/v2\/comments?post=308"}],"version-history":[{"count":1,"href":"https:\/\/irla.cat\/casairla\/wp-json\/wp\/v2\/posts\/308\/revisions"}],"predecessor-version":[{"id":311,"href":"https:\/\/irla.cat\/casairla\/wp-json\/wp\/v2\/posts\/308\/revisions\/311"}],"wp:featuredmedia":[{"embeddable":true,"href":"https:\/\/irla.cat\/casairla\/wp-json\/wp\/v2\/media\/309"}],"wp:attachment":[{"href":"https:\/\/irla.cat\/casairla\/wp-json\/wp\/v2\/media?parent=308"}],"wp:term":[{"taxonomy":"category","embeddable":true,"href":"https:\/\/irla.cat\/casairla\/wp-json\/wp\/v2\/categories?post=308"},{"taxonomy":"post_tag","embeddable":true,"href":"https:\/\/irla.cat\/casairla\/wp-json\/wp\/v2\/tags?post=308"}],"curies":[{"name":"wp","href":"https:\/\/api.w.org\/{rel}","templated":true}]}}