{"id":305,"date":"2014-05-21T10:20:39","date_gmt":"2014-05-21T09:20:39","guid":{"rendered":"http:\/\/www.irla.cat\/casairla\/?p=305"},"modified":"2017-03-16T10:25:56","modified_gmt":"2017-03-16T09:25:56","slug":"collaboracio-amb-la-fundacio-vimar","status":"publish","type":"post","link":"https:\/\/irla.cat\/casairla\/2014\/05\/21\/collaboracio-amb-la-fundacio-vimar\/","title":{"rendered":"Col\u00b7laboraci\u00f3 amb la Fundaci\u00f3 V\u00edmar"},"content":{"rendered":"<p>La Fundaci\u00f3 Josep Irla ha fet una donaci\u00f3 avui a la Fundaci\u00f3 V\u00edmar, organitzaci\u00f3 que treballa per a la integraci\u00f3 dels discapacitats del Baix Empord\u00e0, uns seixanta quilos de taps de suro recollits a la Taverna de la Casa Irla.<!--more--><br \/>\nAquest material ser\u00e0 utilitzat per les persones discapacitades que acull la <a href=\"http:\/\/fundaciovimar.org\/\" target=\"_blank\">Fundaci\u00f3 V\u00edmar<\/a> per a la creaci\u00f3 de manualitats que despr\u00e9s es posaran a la venda per al finan\u00e7ament de les activitats dels propis discapacitats.<\/p>\n<p>S&#8217;inicia aix\u00ed una col\u00b7laboraci\u00f3 entre les dues entitats. D&#8217;entrada s&#8217;estableix la Casa Irla com a punt de recollida de taps de suro. Aix\u00ed que fem una crida a totes les persones que vulguin col\u00b7laborar a portar taps de suro a la Casa Irla. I en futur es portaran a terme noves activitats i iniciatives per ajudar a la Fundaci\u00f3 V\u00edmar i la seva noble tasca.<\/p>\n<p><iframe loading=\"lazy\" id=\"iframe_chapter\" src=\"http:\/\/tvcostabrava.xiptv.cat\/embed\/151169?width=778&amp;iframe_width=800&amp;share=&amp;height=438&amp;iframe_height=484\" name=\"iframe_chapter\" width=\"700\" height=\"427\" frameborder=\"0\" scrolling=\"no\"><\/iframe><\/p>\n","protected":false},"excerpt":{"rendered":"<p>La Fundaci\u00f3 Josep Irla ha fet una donaci\u00f3 avui a la Fundaci\u00f3 V\u00edmar, organitzaci\u00f3 que treballa per a la integraci\u00f3<\/p>\n","protected":false},"author":1,"featured_media":306,"comment_status":"open","ping_status":"open","sticky":false,"template":"template-centered.php","format":"standard","meta":{"footnotes":""},"categories":[1],"tags":[],"class_list":["post-305","post","type-post","status-publish","format-standard","has-post-thumbnail","hentry","category-general"],"_links":{"self":[{"href":"https:\/\/irla.cat\/casairla\/wp-json\/wp\/v2\/posts\/305","targetHints":{"allow":["GET"]}}],"collection":[{"href":"https:\/\/irla.cat\/casairla\/wp-json\/wp\/v2\/posts"}],"about":[{"href":"https:\/\/irla.cat\/casairla\/wp-json\/wp\/v2\/types\/post"}],"author":[{"embeddable":true,"href":"https:\/\/irla.cat\/casairla\/wp-json\/wp\/v2\/users\/1"}],"replies":[{"embeddable":true,"href":"https:\/\/irla.cat\/casairla\/wp-json\/wp\/v2\/comments?post=305"}],"version-history":[{"count":1,"href":"https:\/\/irla.cat\/casairla\/wp-json\/wp\/v2\/posts\/305\/revisions"}],"predecessor-version":[{"id":307,"href":"https:\/\/irla.cat\/casairla\/wp-json\/wp\/v2\/posts\/305\/revisions\/307"}],"wp:featuredmedia":[{"embeddable":true,"href":"https:\/\/irla.cat\/casairla\/wp-json\/wp\/v2\/media\/306"}],"wp:attachment":[{"href":"https:\/\/irla.cat\/casairla\/wp-json\/wp\/v2\/media?parent=305"}],"wp:term":[{"taxonomy":"category","embeddable":true,"href":"https:\/\/irla.cat\/casairla\/wp-json\/wp\/v2\/categories?post=305"},{"taxonomy":"post_tag","embeddable":true,"href":"https:\/\/irla.cat\/casairla\/wp-json\/wp\/v2\/tags?post=305"}],"curies":[{"name":"wp","href":"https:\/\/api.w.org\/{rel}","templated":true}]}}