{"id":283,"date":"2014-05-04T01:59:36","date_gmt":"2014-05-04T00:59:36","guid":{"rendered":"http:\/\/www.irla.cat\/casairla\/?p=283"},"modified":"2017-03-15T02:01:26","modified_gmt":"2017-03-15T01:01:26","slug":"bloqueig-escultures-d-arcopujol","status":"publish","type":"post","link":"https:\/\/irla.cat\/casairla\/2014\/05\/04\/bloqueig-escultures-d-arcopujol\/","title":{"rendered":"&#8220;Bloqueig&#8221;, escultures d&#8217; ARC\u00baPujol"},"content":{"rendered":"<p>El dissabte passat vam inaugurar a la Casa Irla una nova exposici\u00f3 d\u2019art, i en aquesta ocasi\u00f3 d\u2019escultura.<\/p>\n<p><!--more--><\/p>\n<p>En Marc Pujol de Vilob\u00ed d\u2019Onyar ens porta la seva primera col\u2022lecci\u00f3 d\u2019escultures basada en el m\u00f3n de les escales, que sota el t\u00edtol \u201cBloqueig\u201d ens presenta unes figures de diferents escales, vistes des de punts de vista diferents, en el que cadasc\u00fa pot imaginar-se si pugen, si baixen, si giren.<\/p>\n<p>Escales per mirar, per tocar i fins i tot per menjar, perqu\u00e8 en Marc ens va obsequiar amb escultures de xocolata que vam poder degustar durant la inauguraci\u00f3.<\/p>\n<p>Podeu gaudir d\u2019aquesta exposici\u00f3 d\u2019escultures a la Casa Irla durant els mesos de maig i juny. I ben aviat, tamb\u00e9, tornar a disfrutar del servei de Taverna amb una direcci\u00f3 renovada que us oferir\u00e0 una nova oferta gastron\u00f2mica.<\/p>\n<p>Ja informarem degudament de la reobertura de la Taverna de Cas Romagu\u00e9.<\/p>\n","protected":false},"excerpt":{"rendered":"<p>El dissabte passat vam inaugurar a la Casa Irla una nova exposici\u00f3 d\u2019art, i en aquesta ocasi\u00f3 d\u2019escultura.<\/p>\n","protected":false},"author":1,"featured_media":284,"comment_status":"open","ping_status":"open","sticky":false,"template":"template-centered.php","format":"standard","meta":{"footnotes":""},"categories":[1],"tags":[],"class_list":["post-283","post","type-post","status-publish","format-standard","has-post-thumbnail","hentry","category-general"],"_links":{"self":[{"href":"https:\/\/irla.cat\/casairla\/wp-json\/wp\/v2\/posts\/283","targetHints":{"allow":["GET"]}}],"collection":[{"href":"https:\/\/irla.cat\/casairla\/wp-json\/wp\/v2\/posts"}],"about":[{"href":"https:\/\/irla.cat\/casairla\/wp-json\/wp\/v2\/types\/post"}],"author":[{"embeddable":true,"href":"https:\/\/irla.cat\/casairla\/wp-json\/wp\/v2\/users\/1"}],"replies":[{"embeddable":true,"href":"https:\/\/irla.cat\/casairla\/wp-json\/wp\/v2\/comments?post=283"}],"version-history":[{"count":1,"href":"https:\/\/irla.cat\/casairla\/wp-json\/wp\/v2\/posts\/283\/revisions"}],"predecessor-version":[{"id":285,"href":"https:\/\/irla.cat\/casairla\/wp-json\/wp\/v2\/posts\/283\/revisions\/285"}],"wp:featuredmedia":[{"embeddable":true,"href":"https:\/\/irla.cat\/casairla\/wp-json\/wp\/v2\/media\/284"}],"wp:attachment":[{"href":"https:\/\/irla.cat\/casairla\/wp-json\/wp\/v2\/media?parent=283"}],"wp:term":[{"taxonomy":"category","embeddable":true,"href":"https:\/\/irla.cat\/casairla\/wp-json\/wp\/v2\/categories?post=283"},{"taxonomy":"post_tag","embeddable":true,"href":"https:\/\/irla.cat\/casairla\/wp-json\/wp\/v2\/tags?post=283"}],"curies":[{"name":"wp","href":"https:\/\/api.w.org\/{rel}","templated":true}]}}