{"id":2820,"date":"2026-04-14T08:01:46","date_gmt":"2026-04-14T06:01:46","guid":{"rendered":"https:\/\/irla.cat\/casairla\/?p=2820"},"modified":"2026-04-15T08:09:58","modified_gmt":"2026-04-15T06:09:58","slug":"presentacio-del-llibre-capbussar-se-a-la-costa-brava-de-neil-david-selby","status":"publish","type":"post","link":"https:\/\/irla.cat\/casairla\/2026\/04\/14\/presentacio-del-llibre-capbussar-se-a-la-costa-brava-de-neil-david-selby\/","title":{"rendered":"Presentaci\u00f3 del llibre &#8220;Capbussar-se a la Costa Brava&#8221; de Neil David Selby"},"content":{"rendered":"\n<p>Dissabte 18 d&#8217;abril a les 19 h presentaci\u00f3 del llibre &#8220;Capbussar-se a la Costa Brava&#8221; de Neil David Selby.<\/p>\n\n\n\n<p>Dos anys despr\u00e9s de la publicaci\u00f3 de Sant Feliu Fascinant, Neil David Selby ens encoratja a descobrir m\u00e9s coses meravelloses sobre la nostra ciutat.<\/p>\n\n\n\n<p>Ens convida, sense mullar-nos, a submergir-nos entre les p\u00e0gines de Capbussar-se a la Costa Brava, explorant la costa de Sant Feliu de Gu\u00edxols i descobrint un repartiment molt curi\u00f3s de personatges aqu\u00e0tics.<\/p>\n\n\n\n<p>Capbussant-se en els horts de Posid\u00f2nia de Cala Jonca, a Sant Feliu de Gu\u00edxols (prats submarins que es troben entre els tres m\u00e9s importants de la costa espanyola), s\u2019hi revelen personalitats com El Director Escola-Mola, S\u00edpia S\u00f2nia, Sams\u00f3 Argentat, Gras i Prim, Venus de Boticelli i James Brown, la morena.<\/p>\n\n\n\n<p>Les magn\u00edfiques il\u00b7lustracions de l\u2019artista local Eva Peran Amat i el disseny gr\u00e0fic de Mireia Rosa Otero donen vida a aquests personatges, que es presenten en poemes breus, tradu\u00efts amb gran mestria per Carme Vil\u00e0 i Comajoan, destacada experta en llengua catalana.<\/p>\n\n\n\n<p>Un llibre per als apassionats de Sant Feliu de Gu\u00edxols, un llibre per als amants del mar, i un llibre per a aquells que volen descobrir qu\u00e8 s\u2019amaga just m\u00e9s enll\u00e0 del llindar de casa seva.<\/p>\n\n\n<div class=\"wp-block-image\">\n<figure class=\"aligncenter size-large\"><img loading=\"lazy\" decoding=\"async\" width=\"759\" height=\"1024\" src=\"https:\/\/irla.cat\/casairla\/wp-content\/uploads\/2026\/04\/Capbussarse-a-la-Costa-Brava-759x1024.jpg\" alt=\"\" class=\"wp-image-2821\" srcset=\"https:\/\/irla.cat\/casairla\/wp-content\/uploads\/2026\/04\/Capbussarse-a-la-Costa-Brava-759x1024.jpg 759w, https:\/\/irla.cat\/casairla\/wp-content\/uploads\/2026\/04\/Capbussarse-a-la-Costa-Brava-222x300.jpg 222w, https:\/\/irla.cat\/casairla\/wp-content\/uploads\/2026\/04\/Capbussarse-a-la-Costa-Brava-768x1037.jpg 768w, https:\/\/irla.cat\/casairla\/wp-content\/uploads\/2026\/04\/Capbussarse-a-la-Costa-Brava-1138x1536.jpg 1138w, https:\/\/irla.cat\/casairla\/wp-content\/uploads\/2026\/04\/Capbussarse-a-la-Costa-Brava-1517x2048.jpg 1517w, https:\/\/irla.cat\/casairla\/wp-content\/uploads\/2026\/04\/Capbussarse-a-la-Costa-Brava-scaled.jpg 1897w\" sizes=\"auto, (max-width: 759px) 100vw, 759px\" \/><\/figure>\n<\/div>","protected":false},"excerpt":{"rendered":"<p>Dissabte 18 d&#8217;abril a les 19 h presentaci\u00f3 del llibre &#8220;Capbussar-se a la Costa Brava&#8221; de Neil David Selby.<\/p>\n","protected":false},"author":1,"featured_media":2822,"comment_status":"closed","ping_status":"closed","sticky":false,"template":"","format":"standard","meta":{"footnotes":""},"categories":[1],"tags":[],"class_list":["post-2820","post","type-post","status-publish","format-standard","has-post-thumbnail","hentry","category-general"],"_links":{"self":[{"href":"https:\/\/irla.cat\/casairla\/wp-json\/wp\/v2\/posts\/2820","targetHints":{"allow":["GET"]}}],"collection":[{"href":"https:\/\/irla.cat\/casairla\/wp-json\/wp\/v2\/posts"}],"about":[{"href":"https:\/\/irla.cat\/casairla\/wp-json\/wp\/v2\/types\/post"}],"author":[{"embeddable":true,"href":"https:\/\/irla.cat\/casairla\/wp-json\/wp\/v2\/users\/1"}],"replies":[{"embeddable":true,"href":"https:\/\/irla.cat\/casairla\/wp-json\/wp\/v2\/comments?post=2820"}],"version-history":[{"count":1,"href":"https:\/\/irla.cat\/casairla\/wp-json\/wp\/v2\/posts\/2820\/revisions"}],"predecessor-version":[{"id":2823,"href":"https:\/\/irla.cat\/casairla\/wp-json\/wp\/v2\/posts\/2820\/revisions\/2823"}],"wp:featuredmedia":[{"embeddable":true,"href":"https:\/\/irla.cat\/casairla\/wp-json\/wp\/v2\/media\/2822"}],"wp:attachment":[{"href":"https:\/\/irla.cat\/casairla\/wp-json\/wp\/v2\/media?parent=2820"}],"wp:term":[{"taxonomy":"category","embeddable":true,"href":"https:\/\/irla.cat\/casairla\/wp-json\/wp\/v2\/categories?post=2820"},{"taxonomy":"post_tag","embeddable":true,"href":"https:\/\/irla.cat\/casairla\/wp-json\/wp\/v2\/tags?post=2820"}],"curies":[{"name":"wp","href":"https:\/\/api.w.org\/{rel}","templated":true}]}}