{"id":2816,"date":"2026-04-08T09:29:04","date_gmt":"2026-04-08T07:29:04","guid":{"rendered":"https:\/\/irla.cat\/casairla\/?p=2816"},"modified":"2026-04-08T09:29:05","modified_gmt":"2026-04-08T07:29:05","slug":"presentacio-del-llibre-quan-sallunyi-la-tempesta-dernest-prunera","status":"publish","type":"post","link":"https:\/\/irla.cat\/casairla\/2026\/04\/08\/presentacio-del-llibre-quan-sallunyi-la-tempesta-dernest-prunera\/","title":{"rendered":"Presentaci\u00f3 del llibre &#8220;Quan s&#8217;allunyi la tempesta&#8221; d&#8217;Ernest Prunera"},"content":{"rendered":"\n<p>Dissabte 11 d&#8217;abril a les 19 h presentaci\u00f3 del llibre &#8220;Quan s&#8217;allunyi la tempesta&#8221; d&#8217;Ernest Prunera, Premi N\u00e8stor Luj\u00e1n de novel\u00b7la hist\u00f2rica.<\/p>\n\n\n\n<p>Any 843. L\u2019Imperi carolingi s\u2019esberla despr\u00e9s de la mort de Llu\u00eds el Piet\u00f3s, i les lluites entre els seus successors sacsegen tot Europa. Al sud, la Marca Hisp\u00e0nica -terra de frontera entre cristians i musulmans \u2013 es converteix en un territori en disputa, colpejat per r\u00e0tzies sarra\u00efnes, conspiracions nobili\u00e0ries i ambicions de reis llunyans.<\/p>\n\n\n\n<p>Enmig d\u2019aquest escenari convuls, en qu\u00e8 el poder canvia de mans i la fidelitat es mesura amb espases, un jove musulm\u00e0 lluitar\u00e0 per no perdre\u2019s a si mateix.<\/p>\n\n\n\n<p>*Entrada lliure i gratu\u00efta<\/p>\n\n\n<div class=\"wp-block-image\">\n<figure class=\"aligncenter size-large\"><a href=\"https:\/\/www.grup62.cat\/llibre-quan-sallunyi-la-tempesta\/418982\" target=\"_blank\" rel=\" noreferrer noopener\"><img loading=\"lazy\" decoding=\"async\" width=\"673\" height=\"1024\" src=\"https:\/\/irla.cat\/casairla\/wp-content\/uploads\/2026\/04\/Quan-sallunyi-la-tempesta-673x1024.jpg\" alt=\"\" class=\"wp-image-2817\" srcset=\"https:\/\/irla.cat\/casairla\/wp-content\/uploads\/2026\/04\/Quan-sallunyi-la-tempesta-673x1024.jpg 673w, https:\/\/irla.cat\/casairla\/wp-content\/uploads\/2026\/04\/Quan-sallunyi-la-tempesta-197x300.jpg 197w, https:\/\/irla.cat\/casairla\/wp-content\/uploads\/2026\/04\/Quan-sallunyi-la-tempesta-768x1169.jpg 768w, https:\/\/irla.cat\/casairla\/wp-content\/uploads\/2026\/04\/Quan-sallunyi-la-tempesta-1009x1536.jpg 1009w, https:\/\/irla.cat\/casairla\/wp-content\/uploads\/2026\/04\/Quan-sallunyi-la-tempesta-1345x2048.jpg 1345w, https:\/\/irla.cat\/casairla\/wp-content\/uploads\/2026\/04\/Quan-sallunyi-la-tempesta-scaled.jpg 1681w\" sizes=\"auto, (max-width: 673px) 100vw, 673px\" \/><\/a><\/figure>\n<\/div>\n\n\n<p><\/p>\n","protected":false},"excerpt":{"rendered":"<p>Dissabte 11 d&#8217;abril a les 19 h presentaci\u00f3 del llibre &#8220;Quan s&#8217;allunyi la tempesta&#8221; d&#8217;Ernest Prunera, Premi N\u00e8stor Luj\u00e1n de novel\u00b7la hist\u00f2rica.<\/p>\n","protected":false},"author":1,"featured_media":2818,"comment_status":"closed","ping_status":"closed","sticky":false,"template":"","format":"standard","meta":{"footnotes":""},"categories":[1],"tags":[],"class_list":["post-2816","post","type-post","status-publish","format-standard","has-post-thumbnail","hentry","category-general"],"_links":{"self":[{"href":"https:\/\/irla.cat\/casairla\/wp-json\/wp\/v2\/posts\/2816","targetHints":{"allow":["GET"]}}],"collection":[{"href":"https:\/\/irla.cat\/casairla\/wp-json\/wp\/v2\/posts"}],"about":[{"href":"https:\/\/irla.cat\/casairla\/wp-json\/wp\/v2\/types\/post"}],"author":[{"embeddable":true,"href":"https:\/\/irla.cat\/casairla\/wp-json\/wp\/v2\/users\/1"}],"replies":[{"embeddable":true,"href":"https:\/\/irla.cat\/casairla\/wp-json\/wp\/v2\/comments?post=2816"}],"version-history":[{"count":1,"href":"https:\/\/irla.cat\/casairla\/wp-json\/wp\/v2\/posts\/2816\/revisions"}],"predecessor-version":[{"id":2819,"href":"https:\/\/irla.cat\/casairla\/wp-json\/wp\/v2\/posts\/2816\/revisions\/2819"}],"wp:featuredmedia":[{"embeddable":true,"href":"https:\/\/irla.cat\/casairla\/wp-json\/wp\/v2\/media\/2818"}],"wp:attachment":[{"href":"https:\/\/irla.cat\/casairla\/wp-json\/wp\/v2\/media?parent=2816"}],"wp:term":[{"taxonomy":"category","embeddable":true,"href":"https:\/\/irla.cat\/casairla\/wp-json\/wp\/v2\/categories?post=2816"},{"taxonomy":"post_tag","embeddable":true,"href":"https:\/\/irla.cat\/casairla\/wp-json\/wp\/v2\/tags?post=2816"}],"curies":[{"name":"wp","href":"https:\/\/api.w.org\/{rel}","templated":true}]}}