{"id":2812,"date":"2026-04-07T09:23:11","date_gmt":"2026-04-07T07:23:11","guid":{"rendered":"https:\/\/irla.cat\/casairla\/?p=2812"},"modified":"2026-04-08T09:25:40","modified_gmt":"2026-04-08T07:25:40","slug":"inauguracio-de-lexposicio-art-jove","status":"publish","type":"post","link":"https:\/\/irla.cat\/casairla\/2026\/04\/07\/inauguracio-de-lexposicio-art-jove\/","title":{"rendered":"Inauguraci\u00f3 de l&#8217;exposici\u00f3 &#8220;Art Jove&#8221; a c\u00e0rrec dels alumnes de l&#8217;Institut Sant Elm"},"content":{"rendered":"\n<p>Divendres 10 d&#8217;abril a les 19 h inaugurem nova exposici\u00f3 titulada &#8220;Art Jove&#8221; a c\u00e0rrec dels alumnes de l&#8217;Institut Sant Elm.<\/p>\n\n\n\n<p>L\u2019exposici\u00f3 \u201cArt Jove\u201d recull una selecci\u00f3 dels treballs m\u00e9s representatius realitzats pels alumnes de l\u2019Institut Sant Elm al llarg del curs. Aquesta mostra, acollida per la Casa Irla, vol ser una finestra oberta al talent, la creativitat i la mirada cr\u00edtica dels joves artistes del nostre entorn.<\/p>\n\n\n\n<p>Les obres exposades \u2014diverses en t\u00e8cnica, tem\u00e0tica i estil\u2014 s\u00f3n el resultat d\u2019un proc\u00e9s d\u2019aprenentatge que combina la sensibilitat art\u00edstica amb l\u2019experimentaci\u00f3 i la reflexi\u00f3 personal. Cada pe\u00e7a parla de les inquietuds d\u2019una generaci\u00f3 que s\u2019expressa amb autenticitat i llibertat, explorant nous llenguatges visuals i reinterpretant els cl\u00e0ssics amb una mirada pr\u00f2pia.<\/p>\n\n\n\n<p>\u201cArt Jove\u201d \u00e9s tamb\u00e9 un homenatge a la for\u00e7a de l\u2019educaci\u00f3 art\u00edstica com a eina per entendre el m\u00f3n, per comunicar emocions i per construir identitat. L\u2019Institut Sant Elm, amb aquesta exposici\u00f3, reafirma el seu comprom\u00eds amb la cultura i amb el foment de la creativitat entre els joves.<\/p>\n\n\n\n<p>Us convidem a visitar la mostra i a deixar-vos inspirar per aquesta expressi\u00f3&nbsp;viva i diversa del talent emergent.<\/p>\n\n\n\n<p>*Entrada lliure i gratu\u00efta<\/p>\n","protected":false},"excerpt":{"rendered":"<p>Divendres 10 d&#8217;abril a les 19 h inaugurem nova exposici\u00f3 titulada &#8220;Art Jove&#8221; a c\u00e0rrec dels alumnes de l&#8217;Institut Sant Elm.<\/p>\n","protected":false},"author":1,"featured_media":2813,"comment_status":"closed","ping_status":"closed","sticky":false,"template":"","format":"standard","meta":{"footnotes":""},"categories":[1],"tags":[],"class_list":["post-2812","post","type-post","status-publish","format-standard","has-post-thumbnail","hentry","category-general"],"_links":{"self":[{"href":"https:\/\/irla.cat\/casairla\/wp-json\/wp\/v2\/posts\/2812","targetHints":{"allow":["GET"]}}],"collection":[{"href":"https:\/\/irla.cat\/casairla\/wp-json\/wp\/v2\/posts"}],"about":[{"href":"https:\/\/irla.cat\/casairla\/wp-json\/wp\/v2\/types\/post"}],"author":[{"embeddable":true,"href":"https:\/\/irla.cat\/casairla\/wp-json\/wp\/v2\/users\/1"}],"replies":[{"embeddable":true,"href":"https:\/\/irla.cat\/casairla\/wp-json\/wp\/v2\/comments?post=2812"}],"version-history":[{"count":2,"href":"https:\/\/irla.cat\/casairla\/wp-json\/wp\/v2\/posts\/2812\/revisions"}],"predecessor-version":[{"id":2815,"href":"https:\/\/irla.cat\/casairla\/wp-json\/wp\/v2\/posts\/2812\/revisions\/2815"}],"wp:featuredmedia":[{"embeddable":true,"href":"https:\/\/irla.cat\/casairla\/wp-json\/wp\/v2\/media\/2813"}],"wp:attachment":[{"href":"https:\/\/irla.cat\/casairla\/wp-json\/wp\/v2\/media?parent=2812"}],"wp:term":[{"taxonomy":"category","embeddable":true,"href":"https:\/\/irla.cat\/casairla\/wp-json\/wp\/v2\/categories?post=2812"},{"taxonomy":"post_tag","embeddable":true,"href":"https:\/\/irla.cat\/casairla\/wp-json\/wp\/v2\/tags?post=2812"}],"curies":[{"name":"wp","href":"https:\/\/api.w.org\/{rel}","templated":true}]}}