{"id":2807,"date":"2026-03-17T08:36:26","date_gmt":"2026-03-17T07:36:26","guid":{"rendered":"https:\/\/irla.cat\/casairla\/?p=2807"},"modified":"2026-03-17T08:36:26","modified_gmt":"2026-03-17T07:36:26","slug":"presentacio-del-llibre-set-bales-en-la-nit-de-xavier-vidal","status":"publish","type":"post","link":"https:\/\/irla.cat\/casairla\/2026\/03\/17\/presentacio-del-llibre-set-bales-en-la-nit-de-xavier-vidal\/","title":{"rendered":"Presentaci\u00b4\u00f3 del llibre &#8220;Set bales en la nit&#8221; de Xavier Vidal"},"content":{"rendered":"\n<p>Dissabte dia 21 de mar\u00e7 a les 19 h presentem a Casa Irla el llibre &#8220;Set bales en la nit&#8221; de Xavier Vidal.<\/p>\n\n\n\n<p><strong>Una novel\u00b7la d\u2019intriga pol\u00edtica que retrata els \u00faltims dies de la vida de Francesc Layret.<\/strong><\/p>\n\n\n\n<p>El 30 de novembre de 1920, l\u2019advocat i pol\u00edtic Francesc Layret va ser assassinat a la porta de casa seva, al carrer Balmes de Barcelona.<\/p>\n\n\n\n<p>Anava a intercedir pels detinguts pel nou governador civil de Barcelona, Severiano Mart\u00ednez Anido, que havia engegat una repressi\u00f3 brutal<\/p>\n\n\n\n<p>contra el moviment obrer. Un grup de pistolers a sou de la patronal, amb gavardines i barrets caiguts sobre el front, li van disparar fins a vint vegades. Set de les bales van ser letals.<\/p>\n\n\n\n<p>Aquesta trepidant novel\u00b7la d\u2019intriga pol\u00edtica s\u2019endinsa en les \u00faltimes quaranta-vuit hores de vida de Francesc Layret. En una espiral de conxorxes<\/p>\n\n\n\n<p>i intrigues, amb l\u2019aparici\u00f3 constant i gradual de personatges hist\u00f2rics reals, la novel\u00b7la explora l\u2019amistat entre Layret, Salvador Segu\u00cd i Companys. Alhora, segueix els plans per prendre el control total de la ciutat del governador civil m\u00e9s cruel i autoritari que ha tingut Barcelona, Severiano Mart\u00ednez Anido. El militar, amb la conniv\u00e8ncia de sectors de l\u2019estat profund espanyol, ordeix un complot i det\u00e9 els principals agents pol\u00edtics i obrers d\u2019esquerres de la ciutat, entre els quals hi ha Companys i Segu\u00ed. L\u2019assassinat de Layret \u00e9s la culminaci\u00f3 del pla.<\/p>\n\n\n\n<p>La Barcelona de comen\u00e7ament dels anys vint est\u00e0 sotmesa a un estat de viol\u00e8ncia generalitzada en qu\u00e8 es fan evidents les pugnes entre l\u2019obrerisme, el republicanisme, el catalanisme i l\u2019anarquisme, que, tanmateix, han d\u2019enfrontar-se a les forces conservadores i mon\u00e0rquiques de la ciutat.<\/p>\n\n\n<div class=\"wp-block-image\">\n<figure class=\"aligncenter size-large\"><a href=\"https:\/\/www.grup62.cat\/llibre-set-bales-en-la-nit\/424343\" target=\"_blank\" rel=\" noreferrer noopener\"><img loading=\"lazy\" decoding=\"async\" width=\"684\" height=\"1024\" src=\"https:\/\/irla.cat\/casairla\/wp-content\/uploads\/2026\/03\/Set-bales-en-la-nit-684x1024.png\" alt=\"\" class=\"wp-image-2809\" srcset=\"https:\/\/irla.cat\/casairla\/wp-content\/uploads\/2026\/03\/Set-bales-en-la-nit-684x1024.png 684w, https:\/\/irla.cat\/casairla\/wp-content\/uploads\/2026\/03\/Set-bales-en-la-nit-200x300.png 200w, https:\/\/irla.cat\/casairla\/wp-content\/uploads\/2026\/03\/Set-bales-en-la-nit-768x1151.png 768w, https:\/\/irla.cat\/casairla\/wp-content\/uploads\/2026\/03\/Set-bales-en-la-nit.png 801w\" sizes=\"auto, (max-width: 684px) 100vw, 684px\" \/><\/a><\/figure>\n<\/div>\n\n\n<p><\/p>\n","protected":false},"excerpt":{"rendered":"<p>Dissabte dia 21 de mar\u00e7 a les 19 h presentem a Casa Irla el llibre &#8220;Set bales en la nit&#8221; de Xavier Vidal.<\/p>\n","protected":false},"author":1,"featured_media":2808,"comment_status":"closed","ping_status":"closed","sticky":false,"template":"","format":"standard","meta":{"footnotes":""},"categories":[1],"tags":[],"class_list":["post-2807","post","type-post","status-publish","format-standard","has-post-thumbnail","hentry","category-general"],"_links":{"self":[{"href":"https:\/\/irla.cat\/casairla\/wp-json\/wp\/v2\/posts\/2807","targetHints":{"allow":["GET"]}}],"collection":[{"href":"https:\/\/irla.cat\/casairla\/wp-json\/wp\/v2\/posts"}],"about":[{"href":"https:\/\/irla.cat\/casairla\/wp-json\/wp\/v2\/types\/post"}],"author":[{"embeddable":true,"href":"https:\/\/irla.cat\/casairla\/wp-json\/wp\/v2\/users\/1"}],"replies":[{"embeddable":true,"href":"https:\/\/irla.cat\/casairla\/wp-json\/wp\/v2\/comments?post=2807"}],"version-history":[{"count":1,"href":"https:\/\/irla.cat\/casairla\/wp-json\/wp\/v2\/posts\/2807\/revisions"}],"predecessor-version":[{"id":2810,"href":"https:\/\/irla.cat\/casairla\/wp-json\/wp\/v2\/posts\/2807\/revisions\/2810"}],"wp:featuredmedia":[{"embeddable":true,"href":"https:\/\/irla.cat\/casairla\/wp-json\/wp\/v2\/media\/2808"}],"wp:attachment":[{"href":"https:\/\/irla.cat\/casairla\/wp-json\/wp\/v2\/media?parent=2807"}],"wp:term":[{"taxonomy":"category","embeddable":true,"href":"https:\/\/irla.cat\/casairla\/wp-json\/wp\/v2\/categories?post=2807"},{"taxonomy":"post_tag","embeddable":true,"href":"https:\/\/irla.cat\/casairla\/wp-json\/wp\/v2\/tags?post=2807"}],"curies":[{"name":"wp","href":"https:\/\/api.w.org\/{rel}","templated":true}]}}