{"id":2803,"date":"2026-03-11T09:29:06","date_gmt":"2026-03-11T08:29:06","guid":{"rendered":"https:\/\/irla.cat\/casairla\/?p=2803"},"modified":"2026-03-11T09:29:06","modified_gmt":"2026-03-11T08:29:06","slug":"divendres-13-de-marc-teatre-amb-lobra-gracies-mestre","status":"publish","type":"post","link":"https:\/\/irla.cat\/casairla\/2026\/03\/11\/divendres-13-de-marc-teatre-amb-lobra-gracies-mestre\/","title":{"rendered":"Divendres 13 de mar\u00e7 teatre amb l&#8217;obra &#8220;Gr\u00e0cies Mestre&#8221;"},"content":{"rendered":"\n<p>Divendres 13 de mar\u00e7 a les 19 h a la Casa Irla, teatre amb l&#8217;obra &#8220;Gr\u00e0cies Mestre&#8221; de M\u00f2nica Roqu\u00e9<\/p>\n\n\n\n<p>Per un motiu o altre un grup de persones van a fer ioga i resulta que aquest dia fan de tot menys ioga.<\/p>\n\n\n\n<p>Actrius\/actor: M\u00f2nica Roqu\u00e9, Rosa Zaid\u00edn, Nati Lorenzo, Norita Gonzalez, Carol Callico, Enric Valenzuela.<br>Autora: M\u00f2nica Roqu\u00e8<br>Direcci\u00f3: Sylvana Gross-Melzer<br>Companyia: Teatre de la butxaca, Casal Tueda<br>Durada : 40 min<\/p>\n\n\n\n<p>La comppanyia Teatre de la butxaca del Casal Tueda, \u00e9s un grup de persones retirades que des de fa dos anys es dediquen com aficionats al teatre dins dels tallers del Casal Tueda.\u00a0<\/p>\n\n\n\n<p>Entrada lliure i gratu\u00efta.<\/p>\n\n\n\n<p><\/p>\n","protected":false},"excerpt":{"rendered":"<p>Divendres 13 de mar\u00e7 a les 19 h a la Casa Irla, teatre amb l&#8217;obra &#8220;Gr\u00e0cies Mestre&#8221; de M\u00f2nica Roqu\u00e9<\/p>\n","protected":false},"author":1,"featured_media":2804,"comment_status":"closed","ping_status":"closed","sticky":false,"template":"","format":"standard","meta":{"footnotes":""},"categories":[1],"tags":[],"class_list":["post-2803","post","type-post","status-publish","format-standard","has-post-thumbnail","hentry","category-general"],"_links":{"self":[{"href":"https:\/\/irla.cat\/casairla\/wp-json\/wp\/v2\/posts\/2803","targetHints":{"allow":["GET"]}}],"collection":[{"href":"https:\/\/irla.cat\/casairla\/wp-json\/wp\/v2\/posts"}],"about":[{"href":"https:\/\/irla.cat\/casairla\/wp-json\/wp\/v2\/types\/post"}],"author":[{"embeddable":true,"href":"https:\/\/irla.cat\/casairla\/wp-json\/wp\/v2\/users\/1"}],"replies":[{"embeddable":true,"href":"https:\/\/irla.cat\/casairla\/wp-json\/wp\/v2\/comments?post=2803"}],"version-history":[{"count":1,"href":"https:\/\/irla.cat\/casairla\/wp-json\/wp\/v2\/posts\/2803\/revisions"}],"predecessor-version":[{"id":2805,"href":"https:\/\/irla.cat\/casairla\/wp-json\/wp\/v2\/posts\/2803\/revisions\/2805"}],"wp:featuredmedia":[{"embeddable":true,"href":"https:\/\/irla.cat\/casairla\/wp-json\/wp\/v2\/media\/2804"}],"wp:attachment":[{"href":"https:\/\/irla.cat\/casairla\/wp-json\/wp\/v2\/media?parent=2803"}],"wp:term":[{"taxonomy":"category","embeddable":true,"href":"https:\/\/irla.cat\/casairla\/wp-json\/wp\/v2\/categories?post=2803"},{"taxonomy":"post_tag","embeddable":true,"href":"https:\/\/irla.cat\/casairla\/wp-json\/wp\/v2\/tags?post=2803"}],"curies":[{"name":"wp","href":"https:\/\/api.w.org\/{rel}","templated":true}]}}