{"id":2793,"date":"2026-02-18T08:43:21","date_gmt":"2026-02-18T07:43:21","guid":{"rendered":"https:\/\/irla.cat\/casairla\/?p=2793"},"modified":"2026-02-18T08:44:14","modified_gmt":"2026-02-18T07:44:14","slug":"presentacio-del-llibre-perfectament-imperfecta-de-carla-gracia","status":"publish","type":"post","link":"https:\/\/irla.cat\/casairla\/2026\/02\/18\/presentacio-del-llibre-perfectament-imperfecta-de-carla-gracia\/","title":{"rendered":"Presentaci\u00f3 del llibre &#8220;Perfectament imperfecta&#8221; de Carla Gracia"},"content":{"rendered":"\n<p>Dissabte 21 de febrer a les 19 h a la Casa Irla presentaci\u00f3 del llibre &#8220;Perfectament imperfecta&#8221; de Carla Gracia.<\/p>\n\n\n\n<p>La Rut creu que per fi ho t\u00e9 tot controlat: una feina fixa a la universitat, una casa amb jard\u00ed, dos fills i un marit encantador.<\/p>\n\n\n\n<p>Per\u00f2 tot comen\u00e7a a trontollar quan el seu fill gran entra en crisi: atacs de p\u00e0nic, nits sense dormir i la sensaci\u00f3 que alg\u00fa el persegueix. Els metges parlen de trets autistes. I ella, que no ha sabut mai com es fa aix\u00f2 de ser mare, es troba sola i sense manual d\u2019instruccions.<br><\/p>\n\n\n\n<p>Per si no n\u2019hi hagu\u00e9s prou, la seva mare \u2014malalta, per\u00f2 amb una energia desbordant\u2014 anuncia que es casa amb un playboy itali\u00e0 i la convida a un casament kitsch en un gl\u00e0mping de l\u2019Ametlla de Mar.<\/p>\n\n\n\n<p>La psic\u00f2loga de la Rut, amb aquell somriure de qui t\u00e9 un m\u00e0ster en il\u00b7luminaci\u00f3 interior, li proposa escriure una llista de tot el que apr\u00e8n del seu fill. Educada per agradar i obeir, la Rut fa el que ha fet sempre: dir que s\u00ed. El que no s\u2019imagina \u00e9s que aquest viatge la dur\u00e0 a ser qui realment \u00e9s: una dona forta i perfectament imperfecta.<\/p>\n\n\n\n<p>Inspirada en fets reals, Perfectament imperfecta \u00e9s una novel\u00b7la tendra i descarada sobre el caos de la vida.<\/p>\n\n\n<div class=\"wp-block-image\">\n<figure class=\"aligncenter size-large\"><a href=\"https:\/\/www.casadellibro.com\/libro-perfectament-imperfecta\/9788419721389\/16764012\" target=\"_blank\" rel=\" noreferrer noopener\"><img loading=\"lazy\" decoding=\"async\" width=\"661\" height=\"1024\" src=\"https:\/\/irla.cat\/casairla\/wp-content\/uploads\/2026\/02\/Perfectament-imperfecta-661x1024.png\" alt=\"\" class=\"wp-image-2794\" srcset=\"https:\/\/irla.cat\/casairla\/wp-content\/uploads\/2026\/02\/Perfectament-imperfecta-661x1024.png 661w, https:\/\/irla.cat\/casairla\/wp-content\/uploads\/2026\/02\/Perfectament-imperfecta-194x300.png 194w, https:\/\/irla.cat\/casairla\/wp-content\/uploads\/2026\/02\/Perfectament-imperfecta-768x1189.png 768w, https:\/\/irla.cat\/casairla\/wp-content\/uploads\/2026\/02\/Perfectament-imperfecta-992x1536.png 992w, https:\/\/irla.cat\/casairla\/wp-content\/uploads\/2026\/02\/Perfectament-imperfecta-1323x2048.png 1323w, https:\/\/irla.cat\/casairla\/wp-content\/uploads\/2026\/02\/Perfectament-imperfecta-scaled.png 1653w\" sizes=\"auto, (max-width: 661px) 100vw, 661px\" \/><\/a><\/figure>\n<\/div>\n\n\n<p><\/p>\n","protected":false},"excerpt":{"rendered":"<p>Dissabte 21 de febrer a les 19 h a la Casa Irla presentaci\u00f3 del llibre &#8220;Perfectament imperfecta&#8221; de Carla Gracia.<\/p>\n","protected":false},"author":1,"featured_media":2795,"comment_status":"closed","ping_status":"closed","sticky":false,"template":"","format":"standard","meta":{"footnotes":""},"categories":[1],"tags":[],"class_list":["post-2793","post","type-post","status-publish","format-standard","has-post-thumbnail","hentry","category-general"],"_links":{"self":[{"href":"https:\/\/irla.cat\/casairla\/wp-json\/wp\/v2\/posts\/2793","targetHints":{"allow":["GET"]}}],"collection":[{"href":"https:\/\/irla.cat\/casairla\/wp-json\/wp\/v2\/posts"}],"about":[{"href":"https:\/\/irla.cat\/casairla\/wp-json\/wp\/v2\/types\/post"}],"author":[{"embeddable":true,"href":"https:\/\/irla.cat\/casairla\/wp-json\/wp\/v2\/users\/1"}],"replies":[{"embeddable":true,"href":"https:\/\/irla.cat\/casairla\/wp-json\/wp\/v2\/comments?post=2793"}],"version-history":[{"count":2,"href":"https:\/\/irla.cat\/casairla\/wp-json\/wp\/v2\/posts\/2793\/revisions"}],"predecessor-version":[{"id":2797,"href":"https:\/\/irla.cat\/casairla\/wp-json\/wp\/v2\/posts\/2793\/revisions\/2797"}],"wp:featuredmedia":[{"embeddable":true,"href":"https:\/\/irla.cat\/casairla\/wp-json\/wp\/v2\/media\/2795"}],"wp:attachment":[{"href":"https:\/\/irla.cat\/casairla\/wp-json\/wp\/v2\/media?parent=2793"}],"wp:term":[{"taxonomy":"category","embeddable":true,"href":"https:\/\/irla.cat\/casairla\/wp-json\/wp\/v2\/categories?post=2793"},{"taxonomy":"post_tag","embeddable":true,"href":"https:\/\/irla.cat\/casairla\/wp-json\/wp\/v2\/tags?post=2793"}],"curies":[{"name":"wp","href":"https:\/\/api.w.org\/{rel}","templated":true}]}}