{"id":2786,"date":"2026-02-03T08:27:45","date_gmt":"2026-02-03T07:27:45","guid":{"rendered":"https:\/\/irla.cat\/casairla\/?p=2786"},"modified":"2026-02-04T08:35:42","modified_gmt":"2026-02-04T07:35:42","slug":"presentacio-del-llibre-aigues-de-llibertat-de-cristina-canamases","status":"publish","type":"post","link":"https:\/\/irla.cat\/casairla\/2026\/02\/03\/presentacio-del-llibre-aigues-de-llibertat-de-cristina-canamases\/","title":{"rendered":"Presentaci\u00f3 del llibre\u00a0&#8220;Aig\u00fces de llibertat&#8221; de Cristina Canamases"},"content":{"rendered":"\n<p>Divendres 6 de febrer a les 19 h presentaci\u00f3 del llibre &#8220;Aig\u00fces de llibertat&#8221;, XIV Premi de Narrativa Mar\u00edtima Vila de Cambrils Josep Llu\u00eds Savall 2024.<br><\/p>\n\n\n\n<p>Aig\u00fces de llibertat explora les vides entrella\u00e7ades de tres personatges al segle XIX. Bakari, un adolescent afric\u00e0, \u00e9s capturat i sotm\u00e8s a la brutalitat de l\u2019esclavitud, carregant amb l\u2019esperan\u00e7a de recuperar la seva dignitat.<\/p>\n\n\n\n<p>Andreu, un jove catal\u00e0, empr\u00e8n un viatge cap a l\u2019Havana amb somnis de prosperitat, sense sospitar els dilemes morals que trobar\u00e0. Rosa, recentment v\u00eddua, hereta una plantaci\u00f3 de sucre a Cuba i lluita per mantenir el negoci.<br><\/p>\n\n\n\n<p>Amb un retrat intens i hum\u00e0, la novel\u00b7la aborda la crueltat de l\u2019esclavitud, els desitjos de llibertat i la complexitat dels lla\u00e7os entre cultures i classes socials en una \u00e8poca marcada per la desigualtat.<\/p>\n\n\n<div class=\"wp-block-image\">\n<figure class=\"aligncenter size-full\"><a href=\"https:\/\/www.casadellibro.com\/libro-aigues-de-llibertat\/9788413564692\/16772529\" target=\"_blank\" rel=\" noreferrer noopener\"><img loading=\"lazy\" decoding=\"async\" width=\"595\" height=\"895\" src=\"https:\/\/irla.cat\/casairla\/wp-content\/uploads\/2026\/02\/Aigues-de-llibertat.jpg\" alt=\"\" class=\"wp-image-2788\" srcset=\"https:\/\/irla.cat\/casairla\/wp-content\/uploads\/2026\/02\/Aigues-de-llibertat.jpg 595w, https:\/\/irla.cat\/casairla\/wp-content\/uploads\/2026\/02\/Aigues-de-llibertat-199x300.jpg 199w\" sizes=\"auto, (max-width: 595px) 100vw, 595px\" \/><\/a><\/figure>\n<\/div>\n\n\n<p><\/p>\n","protected":false},"excerpt":{"rendered":"<p>Divendres 6 de febrer a les 19 h presentaci\u00f3 del llibre &#8220;Aig\u00fces de llibertat&#8221;, XIV Premi de Narrativa Mar\u00edtima Vila de Cambrils Josep Llu\u00eds Savall 2024.<\/p>\n","protected":false},"author":1,"featured_media":2787,"comment_status":"closed","ping_status":"closed","sticky":false,"template":"","format":"standard","meta":{"footnotes":""},"categories":[1],"tags":[],"class_list":["post-2786","post","type-post","status-publish","format-standard","has-post-thumbnail","hentry","category-general"],"_links":{"self":[{"href":"https:\/\/irla.cat\/casairla\/wp-json\/wp\/v2\/posts\/2786","targetHints":{"allow":["GET"]}}],"collection":[{"href":"https:\/\/irla.cat\/casairla\/wp-json\/wp\/v2\/posts"}],"about":[{"href":"https:\/\/irla.cat\/casairla\/wp-json\/wp\/v2\/types\/post"}],"author":[{"embeddable":true,"href":"https:\/\/irla.cat\/casairla\/wp-json\/wp\/v2\/users\/1"}],"replies":[{"embeddable":true,"href":"https:\/\/irla.cat\/casairla\/wp-json\/wp\/v2\/comments?post=2786"}],"version-history":[{"count":3,"href":"https:\/\/irla.cat\/casairla\/wp-json\/wp\/v2\/posts\/2786\/revisions"}],"predecessor-version":[{"id":2791,"href":"https:\/\/irla.cat\/casairla\/wp-json\/wp\/v2\/posts\/2786\/revisions\/2791"}],"wp:featuredmedia":[{"embeddable":true,"href":"https:\/\/irla.cat\/casairla\/wp-json\/wp\/v2\/media\/2787"}],"wp:attachment":[{"href":"https:\/\/irla.cat\/casairla\/wp-json\/wp\/v2\/media?parent=2786"}],"wp:term":[{"taxonomy":"category","embeddable":true,"href":"https:\/\/irla.cat\/casairla\/wp-json\/wp\/v2\/categories?post=2786"},{"taxonomy":"post_tag","embeddable":true,"href":"https:\/\/irla.cat\/casairla\/wp-json\/wp\/v2\/tags?post=2786"}],"curies":[{"name":"wp","href":"https:\/\/api.w.org\/{rel}","templated":true}]}}