{"id":2782,"date":"2026-01-27T08:52:27","date_gmt":"2026-01-27T07:52:27","guid":{"rendered":"https:\/\/irla.cat\/casairla\/?p=2782"},"modified":"2026-01-28T08:53:21","modified_gmt":"2026-01-28T07:53:21","slug":"inauguracio-de-lexposicio-blancs-i-negres","status":"publish","type":"post","link":"https:\/\/irla.cat\/casairla\/2026\/01\/27\/inauguracio-de-lexposicio-blancs-i-negres\/","title":{"rendered":"Inauguraci\u00f3 de l&#8217;exposici\u00f3 &#8220;Blancs i NEGRES&#8221; de Josep Vilallonga"},"content":{"rendered":"\n<p>Dissabte 31 de gener a les 19 h inaugurem a la Casa Irla l&#8217;exposici\u00f3 &#8220;Blancs i NEGRES&#8221; de Josep Vilallonga.<\/p>\n\n\n\n<p>Fa temps que tenia ganes de fer una exposici\u00f3 en Blanc i NEGRE. Per\u00f2 per la mena de treballs que faig, sempre m\u2019acabava decantant pel color.<\/p>\n\n\n\n<p>Aix\u00f2 ha fet que tota una s\u00e8rie de fotografies hagin quedat bandejades, esperant en un rac\u00f3 de l\u2019ordinador la seva oportunitat per ser exposades. Ara tenen aquesta oportunitat.<\/p>\n\n\n\n<p>L\u2019exposici\u00f3 consta d\u2019una vintena de fotos en Blanc i NEGRE descartades injustament. Totes parlen de gent, de persones, moltes de ra\u00e7a negra, d\u2019aqu\u00ed i d\u2019altres llocs del m\u00f3n.<\/p>\n\n\n\n<p>Les cartes de les quals un dia em vaig desfer tornen a ser sobre la taula.<\/p>\n\n\n\n<p><\/p>\n","protected":false},"excerpt":{"rendered":"<p>Dissabte 31 de gener a les 19 h inaugurem a la Casa Irla l&#8217;exposici\u00f3 &#8220;Blancs i NEGRES&#8221; de Josep Vilallonga.<\/p>\n","protected":false},"author":1,"featured_media":2783,"comment_status":"closed","ping_status":"closed","sticky":false,"template":"","format":"standard","meta":{"footnotes":""},"categories":[1],"tags":[],"class_list":["post-2782","post","type-post","status-publish","format-standard","has-post-thumbnail","hentry","category-general"],"_links":{"self":[{"href":"https:\/\/irla.cat\/casairla\/wp-json\/wp\/v2\/posts\/2782","targetHints":{"allow":["GET"]}}],"collection":[{"href":"https:\/\/irla.cat\/casairla\/wp-json\/wp\/v2\/posts"}],"about":[{"href":"https:\/\/irla.cat\/casairla\/wp-json\/wp\/v2\/types\/post"}],"author":[{"embeddable":true,"href":"https:\/\/irla.cat\/casairla\/wp-json\/wp\/v2\/users\/1"}],"replies":[{"embeddable":true,"href":"https:\/\/irla.cat\/casairla\/wp-json\/wp\/v2\/comments?post=2782"}],"version-history":[{"count":2,"href":"https:\/\/irla.cat\/casairla\/wp-json\/wp\/v2\/posts\/2782\/revisions"}],"predecessor-version":[{"id":2785,"href":"https:\/\/irla.cat\/casairla\/wp-json\/wp\/v2\/posts\/2782\/revisions\/2785"}],"wp:featuredmedia":[{"embeddable":true,"href":"https:\/\/irla.cat\/casairla\/wp-json\/wp\/v2\/media\/2783"}],"wp:attachment":[{"href":"https:\/\/irla.cat\/casairla\/wp-json\/wp\/v2\/media?parent=2782"}],"wp:term":[{"taxonomy":"category","embeddable":true,"href":"https:\/\/irla.cat\/casairla\/wp-json\/wp\/v2\/categories?post=2782"},{"taxonomy":"post_tag","embeddable":true,"href":"https:\/\/irla.cat\/casairla\/wp-json\/wp\/v2\/tags?post=2782"}],"curies":[{"name":"wp","href":"https:\/\/api.w.org\/{rel}","templated":true}]}}