{"id":2774,"date":"2026-01-14T09:18:03","date_gmt":"2026-01-14T08:18:03","guid":{"rendered":"https:\/\/irla.cat\/casairla\/?p=2774"},"modified":"2026-01-14T09:20:21","modified_gmt":"2026-01-14T08:20:21","slug":"presentacio-del-llibre-la-fi-del-renegat-i-altres-narracions-de-marian-vayreda","status":"publish","type":"post","link":"https:\/\/irla.cat\/casairla\/2026\/01\/14\/presentacio-del-llibre-la-fi-del-renegat-i-altres-narracions-de-marian-vayreda\/","title":{"rendered":"Presentaci\u00f3 del llibre La fi del renegat i altres narracions, de Marian Vayreda&#8221;"},"content":{"rendered":"\n<p>Dissabte 17 de gener a les 19 h presentaci\u00f3 del llibre &#8220;La fi del renegat i altres narracions, de Marian Vayreda&#8221; edici\u00f3 i estudi d&#8217;Andreu Bosch i Rodoreda.<\/p>\n\n\n\n<p>Marian Vayreda \u00e9s un cl\u00e0ssic indispensable de la literatura que s\u2019expressa en la nostra llengua comuna at\u00e8s el lligam de les seves narracions amb l\u2019entorn, els arquetipus i els costums que li podien ser m\u00e9s propers abans que la seva evoluci\u00f3 pol\u00edtica, personal i sobretot creativa el dugu\u00e9s a assolir noves fites altament significatives.<\/p>\n\n\n\n<p>El doctor en Filologia Catalana per la Universitat de Barcelona (2008) i premi Francesc de B. Moll de dialectologia (2009), Andreu Bosch, esprem al m\u00e0xim el sentit de la narrativa breu de Marian Vayreda i comparteix amb nosaltres la passi\u00f3 per les beceroles liter\u00e0ries d\u2019aquest gran escriptor que acab\u00e0 la seva vida obsequiant-nos amb La punyalada.<\/p>\n\n\n<div class=\"wp-block-image\">\n<figure class=\"aligncenter size-large\"><img loading=\"lazy\" decoding=\"async\" width=\"698\" height=\"1024\" src=\"https:\/\/irla.cat\/casairla\/wp-content\/uploads\/2026\/01\/La-fi-del-renegat-698x1024.jpg\" alt=\"\" class=\"wp-image-2775\" srcset=\"https:\/\/irla.cat\/casairla\/wp-content\/uploads\/2026\/01\/La-fi-del-renegat-698x1024.jpg 698w, https:\/\/irla.cat\/casairla\/wp-content\/uploads\/2026\/01\/La-fi-del-renegat-205x300.jpg 205w, https:\/\/irla.cat\/casairla\/wp-content\/uploads\/2026\/01\/La-fi-del-renegat-768x1126.jpg 768w, https:\/\/irla.cat\/casairla\/wp-content\/uploads\/2026\/01\/La-fi-del-renegat-1048x1536.jpg 1048w, https:\/\/irla.cat\/casairla\/wp-content\/uploads\/2026\/01\/La-fi-del-renegat-1397x2048.jpg 1397w, https:\/\/irla.cat\/casairla\/wp-content\/uploads\/2026\/01\/La-fi-del-renegat-scaled.jpg 1746w\" sizes=\"auto, (max-width: 698px) 100vw, 698px\" \/><\/figure>\n<\/div>\n\n\n<p><\/p>\n","protected":false},"excerpt":{"rendered":"<p>Dissabte 17 de gener a les 19 h presentaci\u00f3 del llibre &#8220;La fi del renegat i altres narracions, de Marian Vayreda&#8221; d&#8217;Andreu Bosch i Rodoreda.<\/p>\n","protected":false},"author":1,"featured_media":2776,"comment_status":"closed","ping_status":"closed","sticky":false,"template":"","format":"standard","meta":{"footnotes":""},"categories":[1],"tags":[],"class_list":["post-2774","post","type-post","status-publish","format-standard","has-post-thumbnail","hentry","category-general"],"_links":{"self":[{"href":"https:\/\/irla.cat\/casairla\/wp-json\/wp\/v2\/posts\/2774","targetHints":{"allow":["GET"]}}],"collection":[{"href":"https:\/\/irla.cat\/casairla\/wp-json\/wp\/v2\/posts"}],"about":[{"href":"https:\/\/irla.cat\/casairla\/wp-json\/wp\/v2\/types\/post"}],"author":[{"embeddable":true,"href":"https:\/\/irla.cat\/casairla\/wp-json\/wp\/v2\/users\/1"}],"replies":[{"embeddable":true,"href":"https:\/\/irla.cat\/casairla\/wp-json\/wp\/v2\/comments?post=2774"}],"version-history":[{"count":4,"href":"https:\/\/irla.cat\/casairla\/wp-json\/wp\/v2\/posts\/2774\/revisions"}],"predecessor-version":[{"id":2780,"href":"https:\/\/irla.cat\/casairla\/wp-json\/wp\/v2\/posts\/2774\/revisions\/2780"}],"wp:featuredmedia":[{"embeddable":true,"href":"https:\/\/irla.cat\/casairla\/wp-json\/wp\/v2\/media\/2776"}],"wp:attachment":[{"href":"https:\/\/irla.cat\/casairla\/wp-json\/wp\/v2\/media?parent=2774"}],"wp:term":[{"taxonomy":"category","embeddable":true,"href":"https:\/\/irla.cat\/casairla\/wp-json\/wp\/v2\/categories?post=2774"},{"taxonomy":"post_tag","embeddable":true,"href":"https:\/\/irla.cat\/casairla\/wp-json\/wp\/v2\/tags?post=2774"}],"curies":[{"name":"wp","href":"https:\/\/api.w.org\/{rel}","templated":true}]}}