{"id":277,"date":"2014-04-27T01:53:31","date_gmt":"2014-04-27T00:53:31","guid":{"rendered":"http:\/\/www.irla.cat\/casairla\/?p=277"},"modified":"2017-03-15T01:55:25","modified_gmt":"2017-03-15T00:55:25","slug":"impressionant-concert-de-ask-the-dust","status":"publish","type":"post","link":"https:\/\/irla.cat\/casairla\/2014\/04\/27\/impressionant-concert-de-ask-the-dust\/","title":{"rendered":"Impressionant concert de &#8220;Ask the Dust&#8221;"},"content":{"rendered":"<p>Divendres passat, 25 d&#8217;abril, vam gaudir a la Casa Irla d&#8217;un dels bons concerts d&#8217;aquesta temporada.<\/p>\n<p><!--more--><\/p>\n<p>Agus Segura, liderant la seva banda &#8220;Ask the Dust&#8221; ens van oferir un impressionat concert amb diferents estils, des del folk, el country i passant tamb\u00e9 pel bluegrass i amb un tocs de punk.<\/p>\n<p>Malgrat que l&#8217;assist\u00e8ncia de p\u00fablic fou escassa els que hi \u00e9rem vam passar una gran nit, que va comen\u00e7ar amb un grup convidat procedent de Barcelona &#8220;Els nous Amants&#8221; que ens van oferir les seves noves creacions i que tamb\u00e9 van agradar i conv\u00e8ncer als assistents.<\/p>\n<p>El proper dia 24 de maig ser\u00e0 el grup local &#8220;Ask the Dust&#8221; qui es despla\u00e7ar\u00e0 a la ciutat de Barcelona per tornar a tocar amb aquest grup.<br \/>\n<iframe loading=\"lazy\" src=\"https:\/\/www.youtube.com\/embed\/Dxe8DJEZxGk\" width=\"560\" height=\"315\" frameborder=\"0\" allowfullscreen=\"allowfullscreen\"><\/iframe><\/p>\n","protected":false},"excerpt":{"rendered":"<p>Divendres passat, 25 d&#8217;abril, vam gaudir a la Casa Irla d&#8217;un dels bons concerts d&#8217;aquesta temporada.<\/p>\n","protected":false},"author":1,"featured_media":278,"comment_status":"open","ping_status":"open","sticky":false,"template":"template-centered.php","format":"standard","meta":{"footnotes":""},"categories":[1],"tags":[],"class_list":["post-277","post","type-post","status-publish","format-standard","has-post-thumbnail","hentry","category-general"],"_links":{"self":[{"href":"https:\/\/irla.cat\/casairla\/wp-json\/wp\/v2\/posts\/277","targetHints":{"allow":["GET"]}}],"collection":[{"href":"https:\/\/irla.cat\/casairla\/wp-json\/wp\/v2\/posts"}],"about":[{"href":"https:\/\/irla.cat\/casairla\/wp-json\/wp\/v2\/types\/post"}],"author":[{"embeddable":true,"href":"https:\/\/irla.cat\/casairla\/wp-json\/wp\/v2\/users\/1"}],"replies":[{"embeddable":true,"href":"https:\/\/irla.cat\/casairla\/wp-json\/wp\/v2\/comments?post=277"}],"version-history":[{"count":1,"href":"https:\/\/irla.cat\/casairla\/wp-json\/wp\/v2\/posts\/277\/revisions"}],"predecessor-version":[{"id":279,"href":"https:\/\/irla.cat\/casairla\/wp-json\/wp\/v2\/posts\/277\/revisions\/279"}],"wp:featuredmedia":[{"embeddable":true,"href":"https:\/\/irla.cat\/casairla\/wp-json\/wp\/v2\/media\/278"}],"wp:attachment":[{"href":"https:\/\/irla.cat\/casairla\/wp-json\/wp\/v2\/media?parent=277"}],"wp:term":[{"taxonomy":"category","embeddable":true,"href":"https:\/\/irla.cat\/casairla\/wp-json\/wp\/v2\/categories?post=277"},{"taxonomy":"post_tag","embeddable":true,"href":"https:\/\/irla.cat\/casairla\/wp-json\/wp\/v2\/tags?post=277"}],"curies":[{"name":"wp","href":"https:\/\/api.w.org\/{rel}","templated":true}]}}