{"id":2761,"date":"2026-01-09T09:01:21","date_gmt":"2026-01-09T08:01:21","guid":{"rendered":"https:\/\/irla.cat\/casairla\/?p=2761"},"modified":"2026-01-09T09:39:59","modified_gmt":"2026-01-09T08:39:59","slug":"programacio-hivern-primavera-2026","status":"publish","type":"post","link":"https:\/\/irla.cat\/casairla\/2026\/01\/09\/programacio-hivern-primavera-2026\/","title":{"rendered":"\u00a0Ja teniu disponible la programaci\u00f3 Hivern-Primavera 2026 de la Casa Irla"},"content":{"rendered":"\n<p>La Casa Irla-Fundaci\u00f3 Josep Irla presenta la seva programaci\u00f3 cultural per al primer quadrimestre de 2026.<\/p>\n\n\n\n<p>En un any molt especial en qu\u00e8 commemorem els 150 anys del naixement del M.H. President de la Generalitat de Catalunya Sr. Josep Irla i Bosch (1876-2026).<\/p>\n\n\n\n<p>Aquesta efem\u00e8ride ens convida a reivindicar el seu llegat republic\u00e0, la seva fermesa democr\u00e0tica i el seu comprom\u00eds amb la cultura i el pa\u00eds.<\/p>\n\n\n\n<p>Entre els mesos de gener i abril, la programaci\u00f3 inclour\u00e0 presentacions de llibres i exposicions art\u00edstiques pensades per a un p\u00fablic divers, amb la voluntat d\u2019enfortir el pensament cr\u00edtic, la llibertat d\u2019expressi\u00f3 i el di\u00e0leg.<\/p>\n\n\n\n<p>Amb aquesta proposta, la Casa Irla es consolida com un espai viu de mem\u00f2ria, creaci\u00f3 i reflexi\u00f3, fidel als valors que inspiraren la vida i obra del President Irla.<\/p>\n\n\n\n<p>Us convidem a participar activament en cada activitat, a descobrir nous relats, a compartir mirades, i a fer de la cultura una eina viva de transformaci\u00f3 col\u00b7lectiva.<\/p>\n\n\n\n<p>Va, que tenim ganes de cultura, de cantar, llegir, escoltar, viure, emocionar-te, retrobar-nos i sobretot de retre homenatge al nostre President Irla.<\/p>\n\n\n\n<p>Consulta la <a href=\"https:\/\/irla.cat\/casairla\/wp-content\/uploads\/2026\/01\/Casa-Irla-HIVERN-PRIMAVERA-2026-web.pdf\">programaci\u00f3 completa aqu\u00ed.<\/a><\/p>\n\n\n\n<p><\/p>\n","protected":false},"excerpt":{"rendered":"<p>La Casa Irla-Fundaci\u00f3 Josep Irla presenta la seva programaci\u00f3 cultural per al primer quadrimestre de 2026.<\/p>\n","protected":false},"author":1,"featured_media":2762,"comment_status":"closed","ping_status":"closed","sticky":false,"template":"","format":"standard","meta":{"footnotes":""},"categories":[1],"tags":[],"class_list":["post-2761","post","type-post","status-publish","format-standard","has-post-thumbnail","hentry","category-general"],"_links":{"self":[{"href":"https:\/\/irla.cat\/casairla\/wp-json\/wp\/v2\/posts\/2761","targetHints":{"allow":["GET"]}}],"collection":[{"href":"https:\/\/irla.cat\/casairla\/wp-json\/wp\/v2\/posts"}],"about":[{"href":"https:\/\/irla.cat\/casairla\/wp-json\/wp\/v2\/types\/post"}],"author":[{"embeddable":true,"href":"https:\/\/irla.cat\/casairla\/wp-json\/wp\/v2\/users\/1"}],"replies":[{"embeddable":true,"href":"https:\/\/irla.cat\/casairla\/wp-json\/wp\/v2\/comments?post=2761"}],"version-history":[{"count":6,"href":"https:\/\/irla.cat\/casairla\/wp-json\/wp\/v2\/posts\/2761\/revisions"}],"predecessor-version":[{"id":2771,"href":"https:\/\/irla.cat\/casairla\/wp-json\/wp\/v2\/posts\/2761\/revisions\/2771"}],"wp:featuredmedia":[{"embeddable":true,"href":"https:\/\/irla.cat\/casairla\/wp-json\/wp\/v2\/media\/2762"}],"wp:attachment":[{"href":"https:\/\/irla.cat\/casairla\/wp-json\/wp\/v2\/media?parent=2761"}],"wp:term":[{"taxonomy":"category","embeddable":true,"href":"https:\/\/irla.cat\/casairla\/wp-json\/wp\/v2\/categories?post=2761"},{"taxonomy":"post_tag","embeddable":true,"href":"https:\/\/irla.cat\/casairla\/wp-json\/wp\/v2\/tags?post=2761"}],"curies":[{"name":"wp","href":"https:\/\/api.w.org\/{rel}","templated":true}]}}