{"id":2755,"date":"2025-12-10T08:22:03","date_gmt":"2025-12-10T07:22:03","guid":{"rendered":"https:\/\/irla.cat\/casairla\/?p=2755"},"modified":"2025-12-10T08:22:03","modified_gmt":"2025-12-10T07:22:03","slug":"dissabte-13-de-desembre-presentacio-del-llibre-sayonara-jp-de-joaquim-pijoan","status":"publish","type":"post","link":"https:\/\/irla.cat\/casairla\/2025\/12\/10\/dissabte-13-de-desembre-presentacio-del-llibre-sayonara-jp-de-joaquim-pijoan\/","title":{"rendered":"Dissabte 13 de desembre presentaci\u00f3 del llibre\u00a0&#8220;Sayonara JP&#8221; de Joaquim\u00a0Pijoan"},"content":{"rendered":"\n<p>Dissabte 14 de desembre a les 19 h tanquem la programaci\u00f3 d&#8217;aquest any amb la presentaci\u00f3 del llibre &#8220;Sayonara JP&#8221; de Joaquim Pijoan.<\/p>\n\n\n\n<p>Aquest Sayonara JP \u00e9s un Adeu-siau turons, Adeu-siau, un punt i final de trajecte.<\/p>\n\n\n\n<p>Que m\u2019agradar\u00e0 exposar i compartir amb el p\u00fablic ganx\u00f3 i el de les rodalies, aquesta Vall d\u2019Aro rebost hist\u00f2ric de Sant Feliu, la capital cultural, en tots els sentits, avui com ahir, com dem\u00e0 i sempre, de tota la vall.<\/p>\n\n\n\n<p>Tants records, encara! El Temps, botx\u00ed major de la nostra condici\u00f3 humana, ens devora i ens recorda que ell \u00e9s qui t\u00e9 l\u2019\u00faltima paraula. Ser\u00e9 feli\u00e7 de retrobar-vos, ara que encara toquem quarts i hores.<\/p>\n\n\n\n<p>Dem\u00e0, D\u00e9u dir\u00e0!<\/p>\n\n\n\n<p>Presentar\u00e0 l&#8217;acte el Sr. Xavi C.Ribot.<\/p>\n\n\n<div class=\"wp-block-image\">\n<figure class=\"aligncenter size-full\"><img loading=\"lazy\" decoding=\"async\" width=\"377\" height=\"563\" src=\"https:\/\/irla.cat\/casairla\/wp-content\/uploads\/2025\/12\/Sayonara-JP.jpg\" alt=\"\" class=\"wp-image-2758\" srcset=\"https:\/\/irla.cat\/casairla\/wp-content\/uploads\/2025\/12\/Sayonara-JP.jpg 377w, https:\/\/irla.cat\/casairla\/wp-content\/uploads\/2025\/12\/Sayonara-JP-201x300.jpg 201w\" sizes=\"auto, (max-width: 377px) 100vw, 377px\" \/><\/figure>\n<\/div>","protected":false},"excerpt":{"rendered":"<p>Dissabte 14 de desembre a les 19 h tanquem la programaci\u00f3 d&#8217;aquest any amb la presentaci\u00f3 del llibre &#8220;Sayonara JP&#8221;<\/p>\n","protected":false},"author":1,"featured_media":2756,"comment_status":"closed","ping_status":"closed","sticky":false,"template":"","format":"standard","meta":{"footnotes":""},"categories":[1],"tags":[],"class_list":["post-2755","post","type-post","status-publish","format-standard","has-post-thumbnail","hentry","category-general"],"_links":{"self":[{"href":"https:\/\/irla.cat\/casairla\/wp-json\/wp\/v2\/posts\/2755","targetHints":{"allow":["GET"]}}],"collection":[{"href":"https:\/\/irla.cat\/casairla\/wp-json\/wp\/v2\/posts"}],"about":[{"href":"https:\/\/irla.cat\/casairla\/wp-json\/wp\/v2\/types\/post"}],"author":[{"embeddable":true,"href":"https:\/\/irla.cat\/casairla\/wp-json\/wp\/v2\/users\/1"}],"replies":[{"embeddable":true,"href":"https:\/\/irla.cat\/casairla\/wp-json\/wp\/v2\/comments?post=2755"}],"version-history":[{"count":1,"href":"https:\/\/irla.cat\/casairla\/wp-json\/wp\/v2\/posts\/2755\/revisions"}],"predecessor-version":[{"id":2759,"href":"https:\/\/irla.cat\/casairla\/wp-json\/wp\/v2\/posts\/2755\/revisions\/2759"}],"wp:featuredmedia":[{"embeddable":true,"href":"https:\/\/irla.cat\/casairla\/wp-json\/wp\/v2\/media\/2756"}],"wp:attachment":[{"href":"https:\/\/irla.cat\/casairla\/wp-json\/wp\/v2\/media?parent=2755"}],"wp:term":[{"taxonomy":"category","embeddable":true,"href":"https:\/\/irla.cat\/casairla\/wp-json\/wp\/v2\/categories?post=2755"},{"taxonomy":"post_tag","embeddable":true,"href":"https:\/\/irla.cat\/casairla\/wp-json\/wp\/v2\/tags?post=2755"}],"curies":[{"name":"wp","href":"https:\/\/api.w.org\/{rel}","templated":true}]}}