{"id":2751,"date":"2025-11-24T08:29:00","date_gmt":"2025-11-24T07:29:00","guid":{"rendered":"https:\/\/irla.cat\/casairla\/?p=2751"},"modified":"2025-11-26T09:34:01","modified_gmt":"2025-11-26T08:34:01","slug":"dissabte-29-de-novembre-inaugurem-lexposicio-fragments-una-natura-amagada","status":"publish","type":"post","link":"https:\/\/irla.cat\/casairla\/2025\/11\/24\/dissabte-29-de-novembre-inaugurem-lexposicio-fragments-una-natura-amagada\/","title":{"rendered":"Dissabte 29 de novembre inaugurem l&#8217;exposici\u00f3 &#8220;FRAGMENTS, una natura amagada&#8221;."},"content":{"rendered":"\n<p>Dissabte 29 de novembre a les 19 h inauguraci\u00f3 de l&#8217;exposici\u00f3 &#8220;FRAGMENTS, una natura amagada&#8221; de Lola Barranco.<\/p>\n\n\n\n<p>Aquesta exposici\u00f3 presenta un grup tem\u00e0tic molt proper a la naturalesa \u201cencara\u201d salvatge del nostre entorn. Vol ser un testimoni po\u00e8tic i combatiu alhora del que percebo com el car\u00e0cter profund i ancestral del nostre medi.<\/p>\n\n\n\n<p>L\u2019element org\u00e0nic preval, per\u00f2 la mirada artesana extreu i fa evidents els trets de les superf\u00edcies rugoses, els ritmes i els entrella\u00e7aments tan propis de la seva fesomia. Fa palesa l\u2019eterna acci\u00f3 de l\u2019aire i la mat\u00e8ria viva entreteixits per l\u00ednies, incisions i cromatismes que es van modulant amb les llums diverses del dia.<\/p>\n\n\n\n<p>Les composicions s\u2019estructuren per una organitzaci\u00f3 r\u00edtmica amb l\u2019objectiu de seduir i motivar interrogants sobre el qu\u00e8 i el perqu\u00e8 d\u2019aquest ordre. Alhora es vol apropar a l\u2019espectador amb un llenguatge contundent.<\/p>\n\n\n\n<p>La t\u00e8cnica mixta aporta un treball progressiu de simplificaci\u00f3 quan es tracta de mostrar la relaci\u00f3 \u00edntima latent entre la natura i la creativitat personal.<\/p>\n\n\n\n<p>Tot plegat una petita contribuci\u00f3 a preservar la Natura, el nostre fr\u00e0gil tresor. Un amor\u00f3s crit de socors fet des dels ulls, des del cor, des de les mans.<\/p>\n\n\n\n<p>*Entrada lliure i gratu\u00efta.<\/p>\n\n\n\n<p><\/p>\n","protected":false},"excerpt":{"rendered":"<p>Dissabte 29 de novembre a les 19 h inauguraci\u00f3 de l&#8217;exposici\u00f3 &#8220;FRAGMENTS, una natura amagada&#8221; de Lola Barranco.<\/p>\n","protected":false},"author":1,"featured_media":2752,"comment_status":"closed","ping_status":"closed","sticky":false,"template":"","format":"standard","meta":{"footnotes":""},"categories":[1],"tags":[],"class_list":["post-2751","post","type-post","status-publish","format-standard","has-post-thumbnail","hentry","category-general"],"_links":{"self":[{"href":"https:\/\/irla.cat\/casairla\/wp-json\/wp\/v2\/posts\/2751","targetHints":{"allow":["GET"]}}],"collection":[{"href":"https:\/\/irla.cat\/casairla\/wp-json\/wp\/v2\/posts"}],"about":[{"href":"https:\/\/irla.cat\/casairla\/wp-json\/wp\/v2\/types\/post"}],"author":[{"embeddable":true,"href":"https:\/\/irla.cat\/casairla\/wp-json\/wp\/v2\/users\/1"}],"replies":[{"embeddable":true,"href":"https:\/\/irla.cat\/casairla\/wp-json\/wp\/v2\/comments?post=2751"}],"version-history":[{"count":1,"href":"https:\/\/irla.cat\/casairla\/wp-json\/wp\/v2\/posts\/2751\/revisions"}],"predecessor-version":[{"id":2753,"href":"https:\/\/irla.cat\/casairla\/wp-json\/wp\/v2\/posts\/2751\/revisions\/2753"}],"wp:featuredmedia":[{"embeddable":true,"href":"https:\/\/irla.cat\/casairla\/wp-json\/wp\/v2\/media\/2752"}],"wp:attachment":[{"href":"https:\/\/irla.cat\/casairla\/wp-json\/wp\/v2\/media?parent=2751"}],"wp:term":[{"taxonomy":"category","embeddable":true,"href":"https:\/\/irla.cat\/casairla\/wp-json\/wp\/v2\/categories?post=2751"},{"taxonomy":"post_tag","embeddable":true,"href":"https:\/\/irla.cat\/casairla\/wp-json\/wp\/v2\/tags?post=2751"}],"curies":[{"name":"wp","href":"https:\/\/api.w.org\/{rel}","templated":true}]}}