{"id":2746,"date":"2025-11-18T08:43:40","date_gmt":"2025-11-18T07:43:40","guid":{"rendered":"https:\/\/irla.cat\/casairla\/?p=2746"},"modified":"2025-11-11T08:46:41","modified_gmt":"2025-11-11T07:46:41","slug":"conferencia-josep-ribera-interpreta-juli-garreta","status":"publish","type":"post","link":"https:\/\/irla.cat\/casairla\/2025\/11\/18\/conferencia-josep-ribera-interpreta-juli-garreta\/","title":{"rendered":"Confer\u00e8ncia &#8220;Josep Ribera interpreta Juli Garreta&#8221;"},"content":{"rendered":"\n<p>Dissabte 22 de novembre a les 19 h Confer\u00e8ncia &#8220;Josep Ribera interpreta Juli Garreta&#8221; amb Alfons Hereu.<\/p>\n\n\n\n<p>Josep Ribera i Milan va demanar al seu pare d\u2019estudiar piano despr\u00e9s de sentir sovint, des de la finestra que donava a la Rambla d\u2019Antoni Vidal de Sant Feliu de Gu\u00edxols, el Sr. Mari\u00e0 Vinyas, interpretant m\u00fasica cl\u00e0ssica al seu piano de cua.<\/p>\n\n\n\n<p>La formaci\u00f3 de Josep Ribera va comen\u00e7ar a l\u2019Escola de M\u00fasica de la seva ciutat, va continuar al Conservatori del Liceu i, despr\u00e9s de passar una breu temporada a Londres, decid\u00ed d\u2019establir-se a Su\u00e8cia primer i posteriorment a Dinamarca, a Copenhaguen concretament, on encara resideix als seus 88 anys.<\/p>\n\n\n\n<p>I va ser escoltant una sardana de Juli Garreta al passeig de Sant Feliu quan va quedar entusiasmat per aquella m\u00fasica i va decidir investigar m\u00e9s sobre el compositor que l\u2019havia sorpr\u00e8s perqu\u00e8 no s\u2019assemblava a cap altre. Era genial, segons ell.<\/p>\n\n\n\n<p>Havia compost alguna pe\u00e7a per a piano?, es pregunt\u00e0. I va descobrir que s\u00ed, que hi havia una Sonata en Do per a piano sol. I aqu\u00ed va comen\u00e7ar la seva admiraci\u00f3 pel compositor ganx\u00f3, del qual aquest any se celebren els 150 anys del naixement i els 100 de la seva prematura desaparici\u00f3.<\/p>\n\n\n\n<p>Parlarem sobre el pianista Josep Ribera i la m\u00fasica de Juli Garreta.<\/p>\n\n\n\n<p>Alfons Hereu i Ruax<\/p>\n\n\n\n<p><\/p>\n","protected":false},"excerpt":{"rendered":"<p>Dissabte 22 de novembre a les 19 h Confer\u00e8ncia &#8220;Josep Ribera interpreta Juli Garreta&#8221; amb Alfons Hereu.<\/p>\n","protected":false},"author":1,"featured_media":2747,"comment_status":"closed","ping_status":"closed","sticky":false,"template":"","format":"standard","meta":{"footnotes":""},"categories":[1],"tags":[],"class_list":["post-2746","post","type-post","status-publish","format-standard","has-post-thumbnail","hentry","category-general"],"_links":{"self":[{"href":"https:\/\/irla.cat\/casairla\/wp-json\/wp\/v2\/posts\/2746","targetHints":{"allow":["GET"]}}],"collection":[{"href":"https:\/\/irla.cat\/casairla\/wp-json\/wp\/v2\/posts"}],"about":[{"href":"https:\/\/irla.cat\/casairla\/wp-json\/wp\/v2\/types\/post"}],"author":[{"embeddable":true,"href":"https:\/\/irla.cat\/casairla\/wp-json\/wp\/v2\/users\/1"}],"replies":[{"embeddable":true,"href":"https:\/\/irla.cat\/casairla\/wp-json\/wp\/v2\/comments?post=2746"}],"version-history":[{"count":1,"href":"https:\/\/irla.cat\/casairla\/wp-json\/wp\/v2\/posts\/2746\/revisions"}],"predecessor-version":[{"id":2748,"href":"https:\/\/irla.cat\/casairla\/wp-json\/wp\/v2\/posts\/2746\/revisions\/2748"}],"wp:featuredmedia":[{"embeddable":true,"href":"https:\/\/irla.cat\/casairla\/wp-json\/wp\/v2\/media\/2747"}],"wp:attachment":[{"href":"https:\/\/irla.cat\/casairla\/wp-json\/wp\/v2\/media?parent=2746"}],"wp:term":[{"taxonomy":"category","embeddable":true,"href":"https:\/\/irla.cat\/casairla\/wp-json\/wp\/v2\/categories?post=2746"},{"taxonomy":"post_tag","embeddable":true,"href":"https:\/\/irla.cat\/casairla\/wp-json\/wp\/v2\/tags?post=2746"}],"curies":[{"name":"wp","href":"https:\/\/api.w.org\/{rel}","templated":true}]}}