{"id":2743,"date":"2025-11-17T08:32:26","date_gmt":"2025-11-17T07:32:26","guid":{"rendered":"https:\/\/irla.cat\/casairla\/?p=2743"},"modified":"2025-11-18T08:41:50","modified_gmt":"2025-11-18T07:41:50","slug":"biografia-del-dictador-francisco-franco-vida-poder-i-llegat","status":"publish","type":"post","link":"https:\/\/irla.cat\/casairla\/2025\/11\/17\/biografia-del-dictador-francisco-franco-vida-poder-i-llegat\/","title":{"rendered":"Biografia del dictador Francisco Franco: vida, poder i llegat"},"content":{"rendered":"\n<p>Divendres 21 de novembre a les 19 h &#8220;Biografia del dictador Francisco Franco: vida, poder i llegat amb Joan Camp\u00e0s.<\/p>\n\n\n\n<p>Cinquanta anys despr\u00e9s de la seva mort, aprofundirem en la figura de Francisco Franco des de la perspectiva dels historiadors m\u00e9s experts (Paul Preston, Stanley Payne, Julian Casanova, Sergio Vilar, \u00c1ngel Vi\u00f1as, Nicol\u00e1s Sesma, Javier Tusell, Juan Pablo Fusi, Enrique Moradielos,\u2026) i amb aportacions de la psicologia (Enrique Gonz\u00e1lez Duro, Gabrielle Ashford Hodges) per entendre la seva personalitat i exercici del poder.<\/p>\n\n\n\n<p>Explorarem com Franco, un metre seixanta, calb prematur, rabassut, veu desagradable i sense qualitats orat\u00f2ries, mancat absolutament de carisma, va consolidar un r\u00e8gim de repressi\u00f3 i culte a la personalitat, basat en una estrat\u00e8gia calculada de viol\u00e8ncia i control. Desmuntarem els mites franquistes i mostrarem l\u2019abast real del seu llegat de terror i corrupci\u00f3.<\/p>\n\n\n\n<p>A c\u00e0rrec del Dr. Joan Camp\u00e0s Montaner, professor em\u00e8rit de la UOC.<\/p>\n\n\n\n<p><\/p>\n","protected":false},"excerpt":{"rendered":"<p>Divendres 21 de novembre a les 19 h &#8220;Biografia del dictador Francisco Franco: vida, poder i llegat amb Joan Camp\u00e0s.<\/p>\n","protected":false},"author":1,"featured_media":2749,"comment_status":"closed","ping_status":"closed","sticky":false,"template":"","format":"standard","meta":{"footnotes":""},"categories":[1],"tags":[],"class_list":["post-2743","post","type-post","status-publish","format-standard","has-post-thumbnail","hentry","category-general"],"_links":{"self":[{"href":"https:\/\/irla.cat\/casairla\/wp-json\/wp\/v2\/posts\/2743","targetHints":{"allow":["GET"]}}],"collection":[{"href":"https:\/\/irla.cat\/casairla\/wp-json\/wp\/v2\/posts"}],"about":[{"href":"https:\/\/irla.cat\/casairla\/wp-json\/wp\/v2\/types\/post"}],"author":[{"embeddable":true,"href":"https:\/\/irla.cat\/casairla\/wp-json\/wp\/v2\/users\/1"}],"replies":[{"embeddable":true,"href":"https:\/\/irla.cat\/casairla\/wp-json\/wp\/v2\/comments?post=2743"}],"version-history":[{"count":1,"href":"https:\/\/irla.cat\/casairla\/wp-json\/wp\/v2\/posts\/2743\/revisions"}],"predecessor-version":[{"id":2745,"href":"https:\/\/irla.cat\/casairla\/wp-json\/wp\/v2\/posts\/2743\/revisions\/2745"}],"wp:featuredmedia":[{"embeddable":true,"href":"https:\/\/irla.cat\/casairla\/wp-json\/wp\/v2\/media\/2749"}],"wp:attachment":[{"href":"https:\/\/irla.cat\/casairla\/wp-json\/wp\/v2\/media?parent=2743"}],"wp:term":[{"taxonomy":"category","embeddable":true,"href":"https:\/\/irla.cat\/casairla\/wp-json\/wp\/v2\/categories?post=2743"},{"taxonomy":"post_tag","embeddable":true,"href":"https:\/\/irla.cat\/casairla\/wp-json\/wp\/v2\/tags?post=2743"}],"curies":[{"name":"wp","href":"https:\/\/api.w.org\/{rel}","templated":true}]}}