{"id":274,"date":"2014-04-21T01:51:15","date_gmt":"2014-04-21T00:51:15","guid":{"rendered":"http:\/\/www.irla.cat\/casairla\/?p=274"},"modified":"2017-03-15T01:53:20","modified_gmt":"2017-03-15T00:53:20","slug":"ask-de-dust-i-els-nous-amants-en-concert","status":"publish","type":"post","link":"https:\/\/irla.cat\/casairla\/2014\/04\/21\/ask-de-dust-i-els-nous-amants-en-concert\/","title":{"rendered":"&#8220;Ask de Dust&#8221; i &#8220;Els nous amants&#8221;, en concert"},"content":{"rendered":"<p>Els grups locals de Sant Feliu &#8220;Ask the Dust&#8221; i &#8220;Els nous amants&#8221; presentaran a la Casa Irla el proper divendres 25 d&#8217;abril a les 21h. els seus darrers treballs.<br \/>\nAsk de Dust s\u00f3n 3\u00a0amics fent m\u00fasica, amb un peu al folk, el country i el bluegrass, i l&#8217;altre al punk del 77&#8217;&#8230; hist\u00f2ries quotidianes de personatges, reals o ficticis, del carrer&#8230; com no de Sang Feliu de Gu\u00edxols.<\/p>\n<p>El projecte musical de\u00a0\u201cEls Nous Amants\u201d\u00a0gira al voltant d\u2019hist\u00f2ries immerses en un joc de guitarres i d\u2019unes bases r\u00edtmiques poli\u00e8driques que fan del dubte l\u2019ess\u00e8ncia del discurs sonor. La m\u00fasica integra d\u2019una manera subtil i elegant un bon grapat d\u2019influ\u00e8ncies que van des del\u00a0post-rock\u00a0i l\u2019slow core\u00a0fins al\u00a0folk\u00a0m\u00e9s cl\u00e0ssic.<br \/>\nPodeu escoltar alguns dels seus temes en els seus espais web:<br \/>\n<a href=\"https:\/\/askthedust.bandcamp.com\/\" target=\"_blank\">Ask the Dust<\/a><br \/>\n<a href=\"http:\/\/elsnousamants.bandcamp.com\/\" target=\"_blank\">Els nous amants<\/a><\/p>\n","protected":false},"excerpt":{"rendered":"<p>Els grups locals de Sant Feliu &#8220;Ask the Dust&#8221; i &#8220;Els nous amants&#8221; presentaran a la Casa Irla el proper<\/p>\n","protected":false},"author":1,"featured_media":275,"comment_status":"open","ping_status":"open","sticky":false,"template":"template-centered.php","format":"standard","meta":{"footnotes":""},"categories":[1],"tags":[],"class_list":["post-274","post","type-post","status-publish","format-standard","has-post-thumbnail","hentry","category-general"],"_links":{"self":[{"href":"https:\/\/irla.cat\/casairla\/wp-json\/wp\/v2\/posts\/274","targetHints":{"allow":["GET"]}}],"collection":[{"href":"https:\/\/irla.cat\/casairla\/wp-json\/wp\/v2\/posts"}],"about":[{"href":"https:\/\/irla.cat\/casairla\/wp-json\/wp\/v2\/types\/post"}],"author":[{"embeddable":true,"href":"https:\/\/irla.cat\/casairla\/wp-json\/wp\/v2\/users\/1"}],"replies":[{"embeddable":true,"href":"https:\/\/irla.cat\/casairla\/wp-json\/wp\/v2\/comments?post=274"}],"version-history":[{"count":1,"href":"https:\/\/irla.cat\/casairla\/wp-json\/wp\/v2\/posts\/274\/revisions"}],"predecessor-version":[{"id":276,"href":"https:\/\/irla.cat\/casairla\/wp-json\/wp\/v2\/posts\/274\/revisions\/276"}],"wp:featuredmedia":[{"embeddable":true,"href":"https:\/\/irla.cat\/casairla\/wp-json\/wp\/v2\/media\/275"}],"wp:attachment":[{"href":"https:\/\/irla.cat\/casairla\/wp-json\/wp\/v2\/media?parent=274"}],"wp:term":[{"taxonomy":"category","embeddable":true,"href":"https:\/\/irla.cat\/casairla\/wp-json\/wp\/v2\/categories?post=274"},{"taxonomy":"post_tag","embeddable":true,"href":"https:\/\/irla.cat\/casairla\/wp-json\/wp\/v2\/tags?post=274"}],"curies":[{"name":"wp","href":"https:\/\/api.w.org\/{rel}","templated":true}]}}