{"id":2732,"date":"2025-10-21T07:55:15","date_gmt":"2025-10-21T05:55:15","guid":{"rendered":"https:\/\/irla.cat\/casairla\/?p=2732"},"modified":"2025-10-22T08:00:10","modified_gmt":"2025-10-22T06:00:10","slug":"raul-romeva-presenta-els-llibres-esport-per-a-tothom-visio-vector-i-marca-de-pais-i-hipoxia","status":"publish","type":"post","link":"https:\/\/irla.cat\/casairla\/2025\/10\/21\/raul-romeva-presenta-els-llibres-esport-per-a-tothom-visio-vector-i-marca-de-pais-i-hipoxia\/","title":{"rendered":"Ra\u00fcl Romeva presenta &#8220;Esport per a tothom, visi\u00f3, vector i marca de pa\u00eds&#8221; i &#8220;Hip\u00f2xia&#8221;"},"content":{"rendered":"\n<p>Dissabte 25 d&#8217;octubre a les 19 h presentaci\u00f3 i debat amb el Portaveu de la Fundaci\u00f3 Irla Ra\u00fcl Romeva que presenta els llibres &#8220;Esport per a tothom, visi\u00f3, vector i marca de pa\u00eds&#8221; i &#8220;Hip\u00f2xia&#8221;<\/p>\n\n\n\n<p><strong>Esport per a tothom<\/strong><\/p>\n\n\n\n<p>Per qu\u00e8 un pa\u00eds, que molta gent volem que sigui un Estat republic\u00e0, ha de situar l\u2019esport i l\u2019activitat f\u00edsica al frontispici de les seves pol\u00edtiques? Per qu\u00e8 una societat que aspira als m\u00e0xims nivells de benestar (i de felicitat) ha de voler dotar-se d\u2019institucions que tinguin l\u2019esport i l\u2019activitat f\u00edsica com una de les seves grans prioritats?<\/p>\n\n\n\n<p>Per qu\u00e8 en un m\u00f3n globalitzat cal comptar amb una xarxa esportiva al servei dels grans reptes globals? De tot aix\u00f2 ens ocupem en aquest llibre. Una aposta a favor d\u2019entendre l\u2019esport i l\u2019activitat f\u00edsica com a vector per construir una Catalunya republicana m\u00e9s moderna, m\u00e9s \u00e8tica, m\u00e9s justa i m\u00e9s inclusiva.<\/p>\n\n\n\n<p><strong>Hip\u00f2xia<\/strong><\/p>\n\n\n\n<p>Una novel\u00b7la colpidora i po\u00e8tica sobre el dolor silenciat, la recerca del propi lloc i el poder curatiu de les relacions. Amb una veu \u00edntima i honesta, l\u2019autor retrata la batalla d\u2019en Blue per definir la seva identitat, la seva relaci\u00f3 amb la p\u00e8rdua i l\u2019intent de reconciliar-se amb un entorn poc avesat a aturar-se per comprendre les profunditats de l\u2019\u00e0nima. Perqu\u00e8 potser, nom\u00e9s en la fond\u00e0ria blava trobarem la for\u00e7a de tornar a comen\u00e7ar.<\/p>\n\n\n<div class=\"wp-block-image\">\n<figure class=\"aligncenter size-full\"><a href=\"https:\/\/www.editorialbase.cat\/llibres\/820\" target=\"_blank\" rel=\" noreferrer noopener\"><img loading=\"lazy\" decoding=\"async\" width=\"700\" height=\"1019\" src=\"https:\/\/irla.cat\/casairla\/wp-content\/uploads\/2025\/10\/Esport-per-a-tothom.jpg\" alt=\"\" class=\"wp-image-2733\" srcset=\"https:\/\/irla.cat\/casairla\/wp-content\/uploads\/2025\/10\/Esport-per-a-tothom.jpg 700w, https:\/\/irla.cat\/casairla\/wp-content\/uploads\/2025\/10\/Esport-per-a-tothom-206x300.jpg 206w\" sizes=\"auto, (max-width: 700px) 100vw, 700px\" \/><\/a><\/figure>\n<\/div>\n\n<div class=\"wp-block-image\">\n<figure class=\"aligncenter size-full\"><img loading=\"lazy\" decoding=\"async\" width=\"552\" height=\"838\" src=\"https:\/\/irla.cat\/casairla\/wp-content\/uploads\/2025\/10\/Hipoxia.jpg\" alt=\"\" class=\"wp-image-2734\" srcset=\"https:\/\/irla.cat\/casairla\/wp-content\/uploads\/2025\/10\/Hipoxia.jpg 552w, https:\/\/irla.cat\/casairla\/wp-content\/uploads\/2025\/10\/Hipoxia-198x300.jpg 198w\" sizes=\"auto, (max-width: 552px) 100vw, 552px\" \/><\/figure>\n<\/div>\n\n\n<p><\/p>\n","protected":false},"excerpt":{"rendered":"<p>Dissabte 25 d&#8217;octubre a les 19 h presentaci\u00f3 dels llibres &#8220;Esport per a tothom, visi\u00f3, vector i marca de pa\u00eds&#8221; i &#8220;Hip\u00f2xia&#8221;<\/p>\n","protected":false},"author":1,"featured_media":1642,"comment_status":"closed","ping_status":"closed","sticky":false,"template":"","format":"standard","meta":{"footnotes":""},"categories":[1],"tags":[],"class_list":["post-2732","post","type-post","status-publish","format-standard","has-post-thumbnail","hentry","category-general"],"_links":{"self":[{"href":"https:\/\/irla.cat\/casairla\/wp-json\/wp\/v2\/posts\/2732","targetHints":{"allow":["GET"]}}],"collection":[{"href":"https:\/\/irla.cat\/casairla\/wp-json\/wp\/v2\/posts"}],"about":[{"href":"https:\/\/irla.cat\/casairla\/wp-json\/wp\/v2\/types\/post"}],"author":[{"embeddable":true,"href":"https:\/\/irla.cat\/casairla\/wp-json\/wp\/v2\/users\/1"}],"replies":[{"embeddable":true,"href":"https:\/\/irla.cat\/casairla\/wp-json\/wp\/v2\/comments?post=2732"}],"version-history":[{"count":3,"href":"https:\/\/irla.cat\/casairla\/wp-json\/wp\/v2\/posts\/2732\/revisions"}],"predecessor-version":[{"id":2737,"href":"https:\/\/irla.cat\/casairla\/wp-json\/wp\/v2\/posts\/2732\/revisions\/2737"}],"wp:featuredmedia":[{"embeddable":true,"href":"https:\/\/irla.cat\/casairla\/wp-json\/wp\/v2\/media\/1642"}],"wp:attachment":[{"href":"https:\/\/irla.cat\/casairla\/wp-json\/wp\/v2\/media?parent=2732"}],"wp:term":[{"taxonomy":"category","embeddable":true,"href":"https:\/\/irla.cat\/casairla\/wp-json\/wp\/v2\/categories?post=2732"},{"taxonomy":"post_tag","embeddable":true,"href":"https:\/\/irla.cat\/casairla\/wp-json\/wp\/v2\/tags?post=2732"}],"curies":[{"name":"wp","href":"https:\/\/api.w.org\/{rel}","templated":true}]}}