{"id":2727,"date":"2025-10-14T08:00:11","date_gmt":"2025-10-14T06:00:11","guid":{"rendered":"https:\/\/irla.cat\/casairla\/?p=2727"},"modified":"2025-10-14T08:00:12","modified_gmt":"2025-10-14T06:00:12","slug":"presentacio-del-llibre-tamiris-i-els-jacints-de-lluis-lucero-comas","status":"publish","type":"post","link":"https:\/\/irla.cat\/casairla\/2025\/10\/14\/presentacio-del-llibre-tamiris-i-els-jacints-de-lluis-lucero-comas\/","title":{"rendered":"Presentaci\u00f3 del llibre \u00a0&#8220;T\u00e0miris i els jacints&#8221; de Llu\u00eds Lucero Comas"},"content":{"rendered":"\n<p>Dissabte 18 d&#8217;octubre a les 19 h presentem a Casa Irla el llibre &#8220;T\u00e0miris i els jacints&#8221; de Llu\u00eds Lucero Comas.<\/p>\n\n\n\n<p>Despr\u00e9s de La lenta digesti\u00f3 de les cris\u00e0lides, el seu primer llibre, Llu\u00eds Lucero Comas ja tenia clar que el seg\u00fcent es diria &#8220;T\u00e0miris i els jacints&#8221;.<\/p>\n\n\n\n<p>No era un simple caprici: entre els poemes no inclosos en la primera selecci\u00f3 s&#8217;hi intu\u00efa un fil tem\u00e0tic com\u00fa que, amb el temps, ha anat prenent cos en aquest nou recull.<\/p>\n\n\n\n<p>L&#8217;amor i el desig, els temors i els dubtes, les petites alegries i els capteniments que deixen marca. Tot all\u00f2 que, entre el plaer i la ferida, construeix la identitat de qualsevol.<\/p>\n\n\n\n<p><\/p>\n\n\n<div class=\"wp-block-image\">\n<figure class=\"aligncenter size-large\"><img loading=\"lazy\" decoding=\"async\" width=\"654\" height=\"1024\" src=\"https:\/\/irla.cat\/casairla\/wp-content\/uploads\/2025\/10\/Tamaris-i-els-jacints-654x1024.jpg\" alt=\"\" class=\"wp-image-2728\" srcset=\"https:\/\/irla.cat\/casairla\/wp-content\/uploads\/2025\/10\/Tamaris-i-els-jacints-654x1024.jpg 654w, https:\/\/irla.cat\/casairla\/wp-content\/uploads\/2025\/10\/Tamaris-i-els-jacints-192x300.jpg 192w, https:\/\/irla.cat\/casairla\/wp-content\/uploads\/2025\/10\/Tamaris-i-els-jacints-768x1202.jpg 768w, https:\/\/irla.cat\/casairla\/wp-content\/uploads\/2025\/10\/Tamaris-i-els-jacints-981x1536.jpg 981w, https:\/\/irla.cat\/casairla\/wp-content\/uploads\/2025\/10\/Tamaris-i-els-jacints-1308x2048.jpg 1308w, https:\/\/irla.cat\/casairla\/wp-content\/uploads\/2025\/10\/Tamaris-i-els-jacints.jpg 1358w\" sizes=\"auto, (max-width: 654px) 100vw, 654px\" \/><\/figure>\n<\/div>\n\n\n<p><\/p>\n","protected":false},"excerpt":{"rendered":"<p>Dissabte 18 d&#8217;octubre a les 19 h presentem a Casa Irla el llibre &#8220;T\u00e0miris i els jacints&#8221; de Llu\u00eds Lucero Comas.<\/p>\n","protected":false},"author":1,"featured_media":2729,"comment_status":"closed","ping_status":"closed","sticky":false,"template":"","format":"standard","meta":{"footnotes":""},"categories":[1],"tags":[],"class_list":["post-2727","post","type-post","status-publish","format-standard","has-post-thumbnail","hentry","category-general"],"_links":{"self":[{"href":"https:\/\/irla.cat\/casairla\/wp-json\/wp\/v2\/posts\/2727","targetHints":{"allow":["GET"]}}],"collection":[{"href":"https:\/\/irla.cat\/casairla\/wp-json\/wp\/v2\/posts"}],"about":[{"href":"https:\/\/irla.cat\/casairla\/wp-json\/wp\/v2\/types\/post"}],"author":[{"embeddable":true,"href":"https:\/\/irla.cat\/casairla\/wp-json\/wp\/v2\/users\/1"}],"replies":[{"embeddable":true,"href":"https:\/\/irla.cat\/casairla\/wp-json\/wp\/v2\/comments?post=2727"}],"version-history":[{"count":1,"href":"https:\/\/irla.cat\/casairla\/wp-json\/wp\/v2\/posts\/2727\/revisions"}],"predecessor-version":[{"id":2730,"href":"https:\/\/irla.cat\/casairla\/wp-json\/wp\/v2\/posts\/2727\/revisions\/2730"}],"wp:featuredmedia":[{"embeddable":true,"href":"https:\/\/irla.cat\/casairla\/wp-json\/wp\/v2\/media\/2729"}],"wp:attachment":[{"href":"https:\/\/irla.cat\/casairla\/wp-json\/wp\/v2\/media?parent=2727"}],"wp:term":[{"taxonomy":"category","embeddable":true,"href":"https:\/\/irla.cat\/casairla\/wp-json\/wp\/v2\/categories?post=2727"},{"taxonomy":"post_tag","embeddable":true,"href":"https:\/\/irla.cat\/casairla\/wp-json\/wp\/v2\/tags?post=2727"}],"curies":[{"name":"wp","href":"https:\/\/api.w.org\/{rel}","templated":true}]}}