{"id":2723,"date":"2025-10-01T10:35:54","date_gmt":"2025-10-01T08:35:54","guid":{"rendered":"https:\/\/irla.cat\/casairla\/?p=2723"},"modified":"2025-10-01T10:35:54","modified_gmt":"2025-10-01T08:35:54","slug":"tarda-de-cinema-amb-la-projeccio-de-la-pellicula-hic-digitur-dei-dantoni-marti","status":"publish","type":"post","link":"https:\/\/irla.cat\/casairla\/2025\/10\/01\/tarda-de-cinema-amb-la-projeccio-de-la-pellicula-hic-digitur-dei-dantoni-marti\/","title":{"rendered":"Tarda de\u00a0cinema\u00a0amb la projecci\u00f3 de la pel\u00b7l\u00edcula\u00a0&#8220;Hic d\u00edgitur dei&#8221; d&#8217;Antoni Mart\u00ed"},"content":{"rendered":"\n<p>Dissabte 4 d&#8217;octubre a les 19 h tenim tarda de cinema amb la projecci\u00f3 de la pel\u00b7l\u00edcula &#8220;Hic d\u00edgitur dei&#8221; d&#8217;Antoni Mart\u00ed.<\/p>\n\n\n\n<p>La Llumeta viu amb el seu pare, malalt de tuberculosi, i est\u00e0 enamorada del carter. Troba feina a la Casa Gran, on viu diverses aventures esbojarrades i surrealistes. El prom\u00e8s, mentrestant, t\u00e9 un afer amb una meuca. Al final aconsegueixen tornar a casa, on reben la not\u00edcia de la mort del pare. L\u2019endem\u00e0<\/p>\n\n\n\n<p>&nbsp;de la seva cremaci\u00f3, moren en un accident de tr\u00e0nsit dos soldats. Es fan uns funerals alegres mentre pels carrers hi ha gran xerinola.<\/p>\n\n\n\n<p><strong>Quan Franco va morir, \u00e9rem joves \u00e0crates<\/strong><\/p>\n\n\n\n<p>Molts anys abans que Isaki Lacuesta, engresqu\u00e8s a una s\u00e8rie de primeres figures del m\u00f3n del cinema i del teatre perqu\u00e8 participessin en el seu projecte cinematogr\u00e0fic&nbsp;<em>de Murieron por encima de sus posibilidades<\/em>, l\u2019Antoni Mart\u00ed ja ho va fer per realitzar aquesta esbojarrada pel\u00b7l\u00edcula anomenada&nbsp;<em>Hic d\u00edgitur dei.<\/em>&nbsp;Molt abans que exist\u00eds aquesta formula de recollir diners per portar a terme projectes culturals anomenada \u201cverkami\u201d, l\u2019Antoni Mart\u00ed ja ho va aconseguir per poder finan\u00e7ar la pel\u00b7l\u00edcula, d\u2019una manera casolana, a partir d\u2019aportacions particulars i de la productora de la pel\u00b7l\u00edcula Dolors Fuster. Per\u00f2 es clar, estem parlant de l\u2019any 1976 \/ 1977, on la tecnologia actual era nom\u00e9s una fantasia. Rodada amb pel\u00b7l\u00edcula de S\u00faper 8 i amb unes condicions prec\u00e0ries, m\u00e9s ben dit: m\u00e9s que prec\u00e0ries, es va filmar aquesta festiva i an\u00e0rquica pel\u00b7l\u00edcula, gr\u00e0cies a la il\u00b7lusi\u00f3, les ganes de fer coses i sortir de la foscor franquista. Amb un entusiasme fora de lloc. La majoria dels actors son de teatre, que van participar en el Primer Grec en el que Antoni Mart\u00ed va rodar-hi un documental sobre l\u2019experi\u00e8ncia del festival d\u2019estiu i entre toma i toma va entusiasmar i anar engrescant a una colla d\u2019actors perqu\u00e8 participessin en aquesta ut\u00f2pica aventura, que va durar 14 mesos. Es rodava moltes vegades els cap de setmana o quan algun actor tenia lliure i li anava b\u00e9. Per\u00f2 tot i l\u2019anarquia del rodatge, tots, absolutament tots, tenien unes ganes boges de complir amb els compromisos assumits. Hic digitur dei, apart de ser possiblement la millor cr\u00f2nica dels moments d\u2019euf\u00f2ria llibert\u00e0ria despr\u00e9s de la mort del dictador Franco, tamb\u00e9 \u00e9s la de la transici\u00f3 i, sobretot, l\u2019esclat de viure per fi, en llibertat; tamb\u00e9 \u00e9s una pel\u00b7l\u00edcula coral, amb actors que comen\u00e7aven les seves carreres i que molts d\u2019ells ja no hi s\u00f3n i, per tant, s\u2019ha convertit en una mena de document d\u2019un moment hist\u00f2ric, per\u00f2 tamb\u00e9 de reconeixement a una professi\u00f3 que ha estat a les verdes i a les madures. Alguns dels actors, els tenim encara presents en el nostre record recent, com Rosa Novell.<\/p>\n\n\n\n<p>Tamb\u00e9 hi trobem un Alfred Luchetti en plena forma com la Nadala Batista o en Miquel Cors&#8230; Hic digitur dei, que com he dit es va rodar en pel\u00b7l\u00edcula S\u00faper 8 (fa anys vaig tenir la sort de veure-la en aquesta format original), ara la podrem gaudir amb una extraordin\u00e0ria i restaurada copia de la versi\u00f3 original.<\/p>\n\n\n\n<p>Imma Merino<\/p>\n\n\n\n<p>*Entrada lliure i gratu\u00efta.<\/p>\n\n\n\n<p><\/p>\n","protected":false},"excerpt":{"rendered":"<p>Dissabte 4 d&#8217;octubre a les 19 h tenim tarda de cinema amb la projecci\u00f3 de la pel\u00b7l\u00edcula &#8220;Hic d\u00edgitur dei&#8221; d&#8217;Antoni Mart\u00ed.<\/p>\n","protected":false},"author":1,"featured_media":2724,"comment_status":"closed","ping_status":"closed","sticky":false,"template":"","format":"standard","meta":{"footnotes":""},"categories":[1],"tags":[],"class_list":["post-2723","post","type-post","status-publish","format-standard","has-post-thumbnail","hentry","category-general"],"_links":{"self":[{"href":"https:\/\/irla.cat\/casairla\/wp-json\/wp\/v2\/posts\/2723","targetHints":{"allow":["GET"]}}],"collection":[{"href":"https:\/\/irla.cat\/casairla\/wp-json\/wp\/v2\/posts"}],"about":[{"href":"https:\/\/irla.cat\/casairla\/wp-json\/wp\/v2\/types\/post"}],"author":[{"embeddable":true,"href":"https:\/\/irla.cat\/casairla\/wp-json\/wp\/v2\/users\/1"}],"replies":[{"embeddable":true,"href":"https:\/\/irla.cat\/casairla\/wp-json\/wp\/v2\/comments?post=2723"}],"version-history":[{"count":1,"href":"https:\/\/irla.cat\/casairla\/wp-json\/wp\/v2\/posts\/2723\/revisions"}],"predecessor-version":[{"id":2725,"href":"https:\/\/irla.cat\/casairla\/wp-json\/wp\/v2\/posts\/2723\/revisions\/2725"}],"wp:featuredmedia":[{"embeddable":true,"href":"https:\/\/irla.cat\/casairla\/wp-json\/wp\/v2\/media\/2724"}],"wp:attachment":[{"href":"https:\/\/irla.cat\/casairla\/wp-json\/wp\/v2\/media?parent=2723"}],"wp:term":[{"taxonomy":"category","embeddable":true,"href":"https:\/\/irla.cat\/casairla\/wp-json\/wp\/v2\/categories?post=2723"},{"taxonomy":"post_tag","embeddable":true,"href":"https:\/\/irla.cat\/casairla\/wp-json\/wp\/v2\/tags?post=2723"}],"curies":[{"name":"wp","href":"https:\/\/api.w.org\/{rel}","templated":true}]}}