{"id":2717,"date":"2025-09-23T08:30:00","date_gmt":"2025-09-23T06:30:00","guid":{"rendered":"https:\/\/irla.cat\/casairla\/?p=2717"},"modified":"2025-09-22T19:28:44","modified_gmt":"2025-09-22T17:28:44","slug":"inauguracio-de-lexposicio-bravva-de-la-julia-olive-i-la-julia-capella","status":"publish","type":"post","link":"https:\/\/irla.cat\/casairla\/2025\/09\/23\/inauguracio-de-lexposicio-bravva-de-la-julia-olive-i-la-julia-capella\/","title":{"rendered":"Inauguraci\u00f3 de l&#8217;exposici\u00f3 &#8220;Bravva&#8221; de la Julia Oliv\u00e9 i la Julia Capella"},"content":{"rendered":"\n<p>Dissabte 27 de setembre a les 19 h inauguraci\u00f3 de l&#8217;exposici\u00f3 de la Julia Oliv\u00e9 i la Julia Capella &#8220;Bravva&#8221;.<\/p>\n\n\n\n<p>Bravva \u00e9s una mirada cap a la mat\u00e8ria que dona forma a aquest paisatge: la sal, les ostres, les fustes, el mar, la pesca, les algues, les criatures marines, els ocells, les persones, els arbres, les arrels, les plantes, la sorra i l\u2019horitz\u00f3 que tot ho abra\u00e7a.<\/p>\n\n\n\n<p>\u00c9s una aproximaci\u00f3 a all\u00f2 que sovint costa de veure si no s\u2019hi para atenci\u00f3. \u00c9s el reflex d\u2019una generaci\u00f3 que no nom\u00e9s gaudeix d\u2019aquest entorn, sin\u00f3 que l\u2019estima, el respecta i en t\u00e9 cura.<\/p>\n\n\n\n<p>Amb la mirada atenta i la curiositat com a guia, redescobrim la natura que ens envolta per posar-la en valor. Bravva \u00e9s un reconeixement a la natura de la Costa Brava i una declaraci\u00f3 d\u2019intencions sobre com volem conviure-hi.<\/p>\n\n\n\n<p>*Entrada lliure i gratu\u00efta.<\/p>\n\n\n\n<p><\/p>\n","protected":false},"excerpt":{"rendered":"<p>Dissabte 27 de setembre a les 19 h inauguraci\u00f3 de l&#8217;exposici\u00f3 de la Julia Oliv\u00e9 i la Julia Capella &#8220;Bravva&#8221;.<\/p>\n","protected":false},"author":1,"featured_media":2718,"comment_status":"closed","ping_status":"closed","sticky":false,"template":"","format":"standard","meta":{"footnotes":""},"categories":[1],"tags":[],"class_list":["post-2717","post","type-post","status-publish","format-standard","has-post-thumbnail","hentry","category-general"],"_links":{"self":[{"href":"https:\/\/irla.cat\/casairla\/wp-json\/wp\/v2\/posts\/2717","targetHints":{"allow":["GET"]}}],"collection":[{"href":"https:\/\/irla.cat\/casairla\/wp-json\/wp\/v2\/posts"}],"about":[{"href":"https:\/\/irla.cat\/casairla\/wp-json\/wp\/v2\/types\/post"}],"author":[{"embeddable":true,"href":"https:\/\/irla.cat\/casairla\/wp-json\/wp\/v2\/users\/1"}],"replies":[{"embeddable":true,"href":"https:\/\/irla.cat\/casairla\/wp-json\/wp\/v2\/comments?post=2717"}],"version-history":[{"count":1,"href":"https:\/\/irla.cat\/casairla\/wp-json\/wp\/v2\/posts\/2717\/revisions"}],"predecessor-version":[{"id":2719,"href":"https:\/\/irla.cat\/casairla\/wp-json\/wp\/v2\/posts\/2717\/revisions\/2719"}],"wp:featuredmedia":[{"embeddable":true,"href":"https:\/\/irla.cat\/casairla\/wp-json\/wp\/v2\/media\/2718"}],"wp:attachment":[{"href":"https:\/\/irla.cat\/casairla\/wp-json\/wp\/v2\/media?parent=2717"}],"wp:term":[{"taxonomy":"category","embeddable":true,"href":"https:\/\/irla.cat\/casairla\/wp-json\/wp\/v2\/categories?post=2717"},{"taxonomy":"post_tag","embeddable":true,"href":"https:\/\/irla.cat\/casairla\/wp-json\/wp\/v2\/tags?post=2717"}],"curies":[{"name":"wp","href":"https:\/\/api.w.org\/{rel}","templated":true}]}}