{"id":271,"date":"2014-04-21T01:49:00","date_gmt":"2014-04-21T00:49:00","guid":{"rendered":"http:\/\/www.irla.cat\/casairla\/?p=271"},"modified":"2017-03-15T01:50:58","modified_gmt":"2017-03-15T00:50:58","slug":"cantant-havaneres-amb-la-petita-havana","status":"publish","type":"post","link":"https:\/\/irla.cat\/casairla\/2014\/04\/21\/cantant-havaneres-amb-la-petita-havana\/","title":{"rendered":"Cantant havaneres amb &#8220;La petita havana&#8221;"},"content":{"rendered":"<p>El dissabte de Setmana Santa, com ja \u00e9s costum a la Casa Irla, vam fer havaneres i can\u00e7\u00f3 de taverna de la m\u00e0 de &#8220;La petita Havana&#8221;.<\/p>\n<p><!--more--><\/p>\n<p>Un grup de Vilanova i la Geltr\u00fa, que es va oferir un ampli repertori de can\u00e7ons marineres adaptades i cantades amb un estil propi i amb la gran veu de la Gina Espolet. Un plaer gaudir de gent que canta amb passi\u00f3 i que encomana les ganes de cantar i endinsa-se dins les mateixes can\u00e7ons.<\/p>\n<p>Us oferim un parell de can\u00e7ons del recital de dissabte, amb les quals tots els presents es van animar a cantar:<br \/>\n<iframe loading=\"lazy\" width=\"560\" height=\"315\" src=\"https:\/\/www.youtube.com\/embed\/_GpzTcG7Rjs\" frameborder=\"0\" allowfullscreen><\/iframe><\/p>\n<p><iframe loading=\"lazy\" width=\"560\" height=\"315\" src=\"https:\/\/www.youtube.com\/embed\/KvVggp3aHZ0\" frameborder=\"0\" allowfullscreen><\/iframe><\/p>\n","protected":false},"excerpt":{"rendered":"<p>El dissabte de Setmana Santa, com ja \u00e9s costum a la Casa Irla, vam fer havaneres i can\u00e7\u00f3 de taverna<\/p>\n","protected":false},"author":1,"featured_media":272,"comment_status":"open","ping_status":"open","sticky":false,"template":"","format":"standard","meta":{"footnotes":""},"categories":[1],"tags":[],"class_list":["post-271","post","type-post","status-publish","format-standard","has-post-thumbnail","hentry","category-general"],"_links":{"self":[{"href":"https:\/\/irla.cat\/casairla\/wp-json\/wp\/v2\/posts\/271","targetHints":{"allow":["GET"]}}],"collection":[{"href":"https:\/\/irla.cat\/casairla\/wp-json\/wp\/v2\/posts"}],"about":[{"href":"https:\/\/irla.cat\/casairla\/wp-json\/wp\/v2\/types\/post"}],"author":[{"embeddable":true,"href":"https:\/\/irla.cat\/casairla\/wp-json\/wp\/v2\/users\/1"}],"replies":[{"embeddable":true,"href":"https:\/\/irla.cat\/casairla\/wp-json\/wp\/v2\/comments?post=271"}],"version-history":[{"count":1,"href":"https:\/\/irla.cat\/casairla\/wp-json\/wp\/v2\/posts\/271\/revisions"}],"predecessor-version":[{"id":273,"href":"https:\/\/irla.cat\/casairla\/wp-json\/wp\/v2\/posts\/271\/revisions\/273"}],"wp:featuredmedia":[{"embeddable":true,"href":"https:\/\/irla.cat\/casairla\/wp-json\/wp\/v2\/media\/272"}],"wp:attachment":[{"href":"https:\/\/irla.cat\/casairla\/wp-json\/wp\/v2\/media?parent=271"}],"wp:term":[{"taxonomy":"category","embeddable":true,"href":"https:\/\/irla.cat\/casairla\/wp-json\/wp\/v2\/categories?post=271"},{"taxonomy":"post_tag","embeddable":true,"href":"https:\/\/irla.cat\/casairla\/wp-json\/wp\/v2\/tags?post=271"}],"curies":[{"name":"wp","href":"https:\/\/api.w.org\/{rel}","templated":true}]}}