{"id":2702,"date":"2025-09-15T09:22:14","date_gmt":"2025-09-15T07:22:14","guid":{"rendered":"https:\/\/irla.cat\/casairla\/?p=2702"},"modified":"2025-09-22T19:30:10","modified_gmt":"2025-09-22T17:30:10","slug":"presentacio-del-llibre-abdon-terradas-primer-de-joan-armangue","status":"publish","type":"post","link":"https:\/\/irla.cat\/casairla\/2025\/09\/15\/presentacio-del-llibre-abdon-terradas-primer-de-joan-armangue\/","title":{"rendered":"Presentaci\u00f3 del llibre &#8220;Abdon Terradas, primer&#8221; de Joan Armangu\u00e9"},"content":{"rendered":"\n<p>Encetem programaci\u00f3 cultural el dissabte 20 de setembre a les 19 h amb la presentaci\u00f3 del llibre de Joan Armangu\u00e9 &#8220;Abdon Terradas, primer alcalde republic\u00e0 i socialista&#8221;.<\/p>\n\n\n\n<p>Els ideals d\u2019Abdon Terradas, primer alcalde republic\u00e0 i socialista de Catalunya i Espanya, avan\u00e7ats en el seu moment, tenen plena vig\u00e8ncia a la nostra societat: republicanisme, federalisme, socialisme.<\/p>\n\n\n\n<p>L\u2019obra reivindica i evidencia el municipalisme com a base del progr\u00e9s social [\u2026] esdev\u00e9 fonamental, alhora, per apropar a les noves generacions un home que va defensar els ideals de llibertat, igualtat i fraternitat, valors que avui cal reivindicar cada dia.<\/p>\n\n\n\n<p>Llegir aquest llibre \u00e9s, sense cap dubte, un exercici que ens connecta amb la nostra identitat i ens recorda que la democr\u00e0cia no \u00e9s un regal, sin\u00f3 una conquesta que cal reivindicar i cultivar cada dia.<\/p>\n\n\n\n<p>Acompanyar\u00e0 a l&#8217;autor, l&#8217;Hble. Sra. Consellera d&#8217;educaci\u00f3 Sra. Esther Niub\u00f3.<\/p>\n\n\n\n<figure class=\"wp-block-image size-full\"><a href=\"https:\/\/www.edicionscalligraf.com\/index.php\/ca\/biografia\/350\/abdon-terradas-primer-alcalde-republica-i-socialista-detail\" target=\"_blank\" rel=\" noreferrer noopener\"><img loading=\"lazy\" decoding=\"async\" width=\"1544\" height=\"2330\" src=\"https:\/\/irla.cat\/casairla\/wp-content\/uploads\/2025\/09\/Portada-Abdon-Terrades.png\" alt=\"\" class=\"wp-image-2705\" srcset=\"https:\/\/irla.cat\/casairla\/wp-content\/uploads\/2025\/09\/Portada-Abdon-Terrades.png 1544w, https:\/\/irla.cat\/casairla\/wp-content\/uploads\/2025\/09\/Portada-Abdon-Terrades-199x300.png 199w\" sizes=\"auto, (max-width: 1544px) 100vw, 1544px\" \/><\/a><\/figure>\n\n\n\n<p><\/p>\n","protected":false},"excerpt":{"rendered":"<p>Dissabte 20 de setembre a les 19 h presentaci\u00f3 del llibre de Joan Armangu\u00e9 &#8220;Abdon Terradas, primer alcalde republic\u00e0 i socialista&#8221;.<\/p>\n","protected":false},"author":1,"featured_media":2721,"comment_status":"closed","ping_status":"closed","sticky":false,"template":"","format":"standard","meta":{"footnotes":""},"categories":[1],"tags":[],"class_list":["post-2702","post","type-post","status-publish","format-standard","has-post-thumbnail","hentry","category-general"],"_links":{"self":[{"href":"https:\/\/irla.cat\/casairla\/wp-json\/wp\/v2\/posts\/2702","targetHints":{"allow":["GET"]}}],"collection":[{"href":"https:\/\/irla.cat\/casairla\/wp-json\/wp\/v2\/posts"}],"about":[{"href":"https:\/\/irla.cat\/casairla\/wp-json\/wp\/v2\/types\/post"}],"author":[{"embeddable":true,"href":"https:\/\/irla.cat\/casairla\/wp-json\/wp\/v2\/users\/1"}],"replies":[{"embeddable":true,"href":"https:\/\/irla.cat\/casairla\/wp-json\/wp\/v2\/comments?post=2702"}],"version-history":[{"count":4,"href":"https:\/\/irla.cat\/casairla\/wp-json\/wp\/v2\/posts\/2702\/revisions"}],"predecessor-version":[{"id":2709,"href":"https:\/\/irla.cat\/casairla\/wp-json\/wp\/v2\/posts\/2702\/revisions\/2709"}],"wp:featuredmedia":[{"embeddable":true,"href":"https:\/\/irla.cat\/casairla\/wp-json\/wp\/v2\/media\/2721"}],"wp:attachment":[{"href":"https:\/\/irla.cat\/casairla\/wp-json\/wp\/v2\/media?parent=2702"}],"wp:term":[{"taxonomy":"category","embeddable":true,"href":"https:\/\/irla.cat\/casairla\/wp-json\/wp\/v2\/categories?post=2702"},{"taxonomy":"post_tag","embeddable":true,"href":"https:\/\/irla.cat\/casairla\/wp-json\/wp\/v2\/tags?post=2702"}],"curies":[{"name":"wp","href":"https:\/\/api.w.org\/{rel}","templated":true}]}}