{"id":2691,"date":"2025-09-01T09:22:51","date_gmt":"2025-09-01T07:22:51","guid":{"rendered":"https:\/\/irla.cat\/casairla\/?p=2691"},"modified":"2025-09-08T09:02:58","modified_gmt":"2025-09-08T07:02:58","slug":"programacio-tardor-2025-de-la-casa-irla","status":"publish","type":"post","link":"https:\/\/irla.cat\/casairla\/2025\/09\/01\/programacio-tardor-2025-de-la-casa-irla\/","title":{"rendered":"Presentaci\u00f3 de la programaci\u00f3 tardor 2025 de la Casa Irla"},"content":{"rendered":"\n<p>La programaci\u00f3 &#8220;Tardor 2025&#8221; \u00e9s conjunt d\u2019activitats pensades per enriquir, motivar i connectar la nostra comunitat.<\/p>\n\n\n\n<p>Durant els pr\u00f2xims mesos, podreu gaudir de concerts, exposicions, presentacions de llibres, confer\u00e8ncies, activitats familiars i molt m\u00e9s, amb l\u2019objectiu de promoure la cultura i l\u2019art a la nostra ciutat i arreu.<\/p>\n\n\n\n<p>Aquesta programaci\u00f3 reflecteix el nostre comprom\u00eds per fomentar l\u2019acc\u00e9s a la cultura com a eina de creixement personal i col\u00b7lectiu, aix\u00ed com de cohesi\u00f3 social. Esperem que aquestes activitats us inspirin, us diverteixin i us permetin descobrir noves passions i talents.<\/p>\n\n\n\n<p>Us convidem a participar activament, a gaudir de totes aquestes propostes i a compartir la vostra experi\u00e8ncia amb nosaltres. Gr\u00e0cies per formar part d\u2019aquesta iniciativa cultural que vol fer de la Casa Irla un espai m\u00e9s viu i enriquidor per a tothom.<\/p>\n\n\n\n<p>Consulta el programa d&#8217;activitats <a href=\"https:\/\/irla.cat\/casairla\/wp-content\/uploads\/2025\/09\/Casa-Irla-tardor-2025-web2.pdf\">aqu\u00ed<\/a>.<\/p>\n\n\n\n<p><\/p>\n","protected":false},"excerpt":{"rendered":"<p>La programaci\u00f3 &#8220;Tardor 2025&#8221; \u00e9s conjunt d\u2019activitats pensades per enriquir, motivar i connectar la nostra comunitat.<\/p>\n","protected":false},"author":1,"featured_media":2701,"comment_status":"closed","ping_status":"closed","sticky":false,"template":"","format":"standard","meta":{"footnotes":""},"categories":[1],"tags":[],"class_list":["post-2691","post","type-post","status-publish","format-standard","has-post-thumbnail","hentry","category-general"],"_links":{"self":[{"href":"https:\/\/irla.cat\/casairla\/wp-json\/wp\/v2\/posts\/2691","targetHints":{"allow":["GET"]}}],"collection":[{"href":"https:\/\/irla.cat\/casairla\/wp-json\/wp\/v2\/posts"}],"about":[{"href":"https:\/\/irla.cat\/casairla\/wp-json\/wp\/v2\/types\/post"}],"author":[{"embeddable":true,"href":"https:\/\/irla.cat\/casairla\/wp-json\/wp\/v2\/users\/1"}],"replies":[{"embeddable":true,"href":"https:\/\/irla.cat\/casairla\/wp-json\/wp\/v2\/comments?post=2691"}],"version-history":[{"count":4,"href":"https:\/\/irla.cat\/casairla\/wp-json\/wp\/v2\/posts\/2691\/revisions"}],"predecessor-version":[{"id":2700,"href":"https:\/\/irla.cat\/casairla\/wp-json\/wp\/v2\/posts\/2691\/revisions\/2700"}],"wp:featuredmedia":[{"embeddable":true,"href":"https:\/\/irla.cat\/casairla\/wp-json\/wp\/v2\/media\/2701"}],"wp:attachment":[{"href":"https:\/\/irla.cat\/casairla\/wp-json\/wp\/v2\/media?parent=2691"}],"wp:term":[{"taxonomy":"category","embeddable":true,"href":"https:\/\/irla.cat\/casairla\/wp-json\/wp\/v2\/categories?post=2691"},{"taxonomy":"post_tag","embeddable":true,"href":"https:\/\/irla.cat\/casairla\/wp-json\/wp\/v2\/tags?post=2691"}],"curies":[{"name":"wp","href":"https:\/\/api.w.org\/{rel}","templated":true}]}}