{"id":2684,"date":"2025-07-23T09:35:36","date_gmt":"2025-07-23T07:35:36","guid":{"rendered":"https:\/\/irla.cat\/casairla\/?p=2684"},"modified":"2025-07-23T09:35:36","modified_gmt":"2025-07-23T07:35:36","slug":"exposicio-homenatge-a-vicent-andres-estelles-de-foto-torroella","status":"publish","type":"post","link":"https:\/\/irla.cat\/casairla\/2025\/07\/23\/exposicio-homenatge-a-vicent-andres-estelles-de-foto-torroella\/","title":{"rendered":"Exposici\u00f3\u00a0&#8220;Homenatge a Vicent Andr\u00e9s Estell\u00e9s&#8221; de Foto Torroella"},"content":{"rendered":"\n<p>Dissabte 26 de juliol a les 19:00h inauguraci\u00f3 de l&#8217;exposici\u00f3 &#8220;Homenatge a Vicent Andr\u00e9s Estell\u00e9s&#8221; a c\u00e0rrec de Foto Torroella.<\/p>\n\n\n\n<p>Nascut en una fam\u00edlia de forners, Vicent Andr\u00e9s Estell\u00e9s (Burjassot, 1924-Valencia, 1993) \u00e9s considerat com uns dels pilars de la literatura<\/p>\n\n\n\n<p>catalana amb una obra po\u00e8tica que \u00e9s, alhora, una narraci\u00f3 intima i universal de la hist\u00f2ria recent del pa\u00eds.<\/p>\n\n\n\n<p>\u201cLa mort i la fam, l\u2019horror de la guerra, la crua postguerra i la derrota col\u00b7lectiva, per\u00f2 tamb\u00e9 la resist\u00e8ncia, l\u2019esperan\u00e7a, la lluita constant i la<\/p>\n\n\n\n<p>fr\u00e0gil alegria\u201d. En paraules del cantautor valenci\u00e0 Pau Alabajos, que n\u2019ha publicat la biografia La veu d\u2019un poble (Sembra editors, 2024). Pocs poetes han tingut una incid\u00e8ncia social i c\u00edvica com Vicent Andr\u00e9s Estell\u00e9s amb els seu versos. Cronista dels tempos m\u00e9s foscos de la llarga postguerra i el franquisme, i posteriorment, dels moments m\u00e9s dif\u00edcils de persecucions ling\u00fc\u00edstiques i culturals al Pa\u00eds Valenci\u00e0, amb la seva obra, dimensionada a partir de les versions que en van fer grans membres de la Nova Can\u00e7\u00f3, com Ovidi Montllor, va construir una veu inconfusible i la<\/p>\n\n\n\n<p>va modular amb un estil \u00fanic que, durant d\u00e8cades, s\u2019ha anat identificant com la veu col\u00b7lectiva d\u2019un poble.<\/p>\n\n\n\n<p>Joan Fuster va definir-lo com un \u201cpoeta de realitats\u201d; i de l\u2019experi\u00e8ncia d\u2019aquesta mirada sore un lloc i una \u00e8poca concrets, Estell\u00e9s no va deixar de reivindicar mai, per damunt de tot, el dret de l\u2019alegria. Foto Torroella ha escollit Vicent Andr\u00e9s Estell\u00e9s per posar tamb\u00e9 el seu gra de sorra en un centenari que el Pa\u00eds Valenci\u00e0 ha estat b\u00e0sicament popular, perqu\u00e8, de manera incomprensibles, les institucions valencianes no l\u2019han volgut homenatjar. Tants anys despr\u00e9s, Estell\u00e9s continua patint, a la seva mateixa terra, els odis contra la llengua i el pa\u00eds que tant estimava i que el van apartar del periodisme a finals dels anys setanta.<\/p>\n\n\n\n<p>Vernissatge el dissabte 26 de juliol a les 19 h<\/p>\n\n\n\n<p><\/p>\n","protected":false},"excerpt":{"rendered":"<p>Dissabte 26 de juliol a les 19:00h inauguraci\u00f3 de l&#8217;exposici\u00f3 &#8220;Homenatge a Vicent Andr\u00e9s Estell\u00e9s&#8221; a c\u00e0rrec de Foto Torroella.<\/p>\n","protected":false},"author":1,"featured_media":2685,"comment_status":"closed","ping_status":"closed","sticky":false,"template":"","format":"standard","meta":{"footnotes":""},"categories":[1],"tags":[],"class_list":["post-2684","post","type-post","status-publish","format-standard","has-post-thumbnail","hentry","category-general"],"_links":{"self":[{"href":"https:\/\/irla.cat\/casairla\/wp-json\/wp\/v2\/posts\/2684","targetHints":{"allow":["GET"]}}],"collection":[{"href":"https:\/\/irla.cat\/casairla\/wp-json\/wp\/v2\/posts"}],"about":[{"href":"https:\/\/irla.cat\/casairla\/wp-json\/wp\/v2\/types\/post"}],"author":[{"embeddable":true,"href":"https:\/\/irla.cat\/casairla\/wp-json\/wp\/v2\/users\/1"}],"replies":[{"embeddable":true,"href":"https:\/\/irla.cat\/casairla\/wp-json\/wp\/v2\/comments?post=2684"}],"version-history":[{"count":1,"href":"https:\/\/irla.cat\/casairla\/wp-json\/wp\/v2\/posts\/2684\/revisions"}],"predecessor-version":[{"id":2686,"href":"https:\/\/irla.cat\/casairla\/wp-json\/wp\/v2\/posts\/2684\/revisions\/2686"}],"wp:featuredmedia":[{"embeddable":true,"href":"https:\/\/irla.cat\/casairla\/wp-json\/wp\/v2\/media\/2685"}],"wp:attachment":[{"href":"https:\/\/irla.cat\/casairla\/wp-json\/wp\/v2\/media?parent=2684"}],"wp:term":[{"taxonomy":"category","embeddable":true,"href":"https:\/\/irla.cat\/casairla\/wp-json\/wp\/v2\/categories?post=2684"},{"taxonomy":"post_tag","embeddable":true,"href":"https:\/\/irla.cat\/casairla\/wp-json\/wp\/v2\/tags?post=2684"}],"curies":[{"name":"wp","href":"https:\/\/api.w.org\/{rel}","templated":true}]}}