{"id":2680,"date":"2025-07-10T09:02:35","date_gmt":"2025-07-10T07:02:35","guid":{"rendered":"https:\/\/irla.cat\/casairla\/?p=2680"},"modified":"2025-07-10T09:02:36","modified_gmt":"2025-07-10T07:02:36","slug":"conferencia-un-cos-net-un-intesti-sa-i-sense-carencies-es-un-potent-sistema-immunitari","status":"publish","type":"post","link":"https:\/\/irla.cat\/casairla\/2025\/07\/10\/conferencia-un-cos-net-un-intesti-sa-i-sense-carencies-es-un-potent-sistema-immunitari\/","title":{"rendered":"Confer\u00e8ncia\u00a0&#8220;Un cos net, un intest\u00ed sa i sense car\u00e8ncies \u00e9s un potent sistema immunitari&#8221;."},"content":{"rendered":"\n<p>Dissabte 12 de juliol a les 19 h confer\u00e8ncia amb Anna Smagina &#8220;Un cos net, un intest\u00ed sa i sense car\u00e8ncies \u00e9s un potent sistema immunitari que protegeix contra malalties&#8221;.<\/p>\n\n\n\n<p>Soc Anna nutricionista cl\u00ednica i esportiva. Posarem en pr\u00e0ctica una alimentaci\u00f3 sana i una vida saludable.<br><\/p>\n\n\n\n<p><\/p>\n","protected":false},"excerpt":{"rendered":"<p>Dissabte 12 de juliol a les 19 h confer\u00e8ncia amb Anna Smagina &#8220;Un cos net, un intest\u00ed sa i sense car\u00e8ncies \u00e9s un potent sistema immunitari que protegeix contra malalties&#8221;.<\/p>\n","protected":false},"author":1,"featured_media":2681,"comment_status":"closed","ping_status":"closed","sticky":false,"template":"","format":"standard","meta":{"footnotes":""},"categories":[1],"tags":[],"class_list":["post-2680","post","type-post","status-publish","format-standard","has-post-thumbnail","hentry","category-general"],"_links":{"self":[{"href":"https:\/\/irla.cat\/casairla\/wp-json\/wp\/v2\/posts\/2680","targetHints":{"allow":["GET"]}}],"collection":[{"href":"https:\/\/irla.cat\/casairla\/wp-json\/wp\/v2\/posts"}],"about":[{"href":"https:\/\/irla.cat\/casairla\/wp-json\/wp\/v2\/types\/post"}],"author":[{"embeddable":true,"href":"https:\/\/irla.cat\/casairla\/wp-json\/wp\/v2\/users\/1"}],"replies":[{"embeddable":true,"href":"https:\/\/irla.cat\/casairla\/wp-json\/wp\/v2\/comments?post=2680"}],"version-history":[{"count":1,"href":"https:\/\/irla.cat\/casairla\/wp-json\/wp\/v2\/posts\/2680\/revisions"}],"predecessor-version":[{"id":2682,"href":"https:\/\/irla.cat\/casairla\/wp-json\/wp\/v2\/posts\/2680\/revisions\/2682"}],"wp:featuredmedia":[{"embeddable":true,"href":"https:\/\/irla.cat\/casairla\/wp-json\/wp\/v2\/media\/2681"}],"wp:attachment":[{"href":"https:\/\/irla.cat\/casairla\/wp-json\/wp\/v2\/media?parent=2680"}],"wp:term":[{"taxonomy":"category","embeddable":true,"href":"https:\/\/irla.cat\/casairla\/wp-json\/wp\/v2\/categories?post=2680"},{"taxonomy":"post_tag","embeddable":true,"href":"https:\/\/irla.cat\/casairla\/wp-json\/wp\/v2\/tags?post=2680"}],"curies":[{"name":"wp","href":"https:\/\/api.w.org\/{rel}","templated":true}]}}